{"id":5529,"date":"2023-06-28T15:06:57","date_gmt":"2023-06-28T18:06:57","guid":{"rendered":"http:\/\/blogdoarmindomaia.com.br\/?p=5529"},"modified":"2023-06-28T15:07:03","modified_gmt":"2023-06-28T18:07:03","slug":"vem-ai-a-36a-festa-dos-motoristas-de-araxa","status":"publish","type":"post","link":"http:\/\/blogdoarmindomaia.com.br\/?p=5529","title":{"rendered":"Vem a\u00ed a 36\u00aa Festa dos Motoristas de Arax\u00e1"},"content":{"rendered":"\n<figure class=\"wp-block-image size-full is-style-default\"><img loading=\"lazy\" decoding=\"async\" width=\"500\" height=\"375\" src=\"http:\/\/blogdoarmindomaia.com.br\/wp-content\/uploads\/2023\/06\/DSC06534.jpg\" alt=\"\" class=\"wp-image-5530\" srcset=\"http:\/\/blogdoarmindomaia.com.br\/wp-content\/uploads\/2023\/06\/DSC06534.jpg 500w, http:\/\/blogdoarmindomaia.com.br\/wp-content\/uploads\/2023\/06\/DSC06534-300x225.jpg 300w\" sizes=\"auto, (max-width: 500px) 100vw, 500px\" \/><\/figure>\n\n\n\n<p>De 20 a 23 de julho de 2023, Arax\u00e1 vai sediar mais uma Festa dos Motoristas. Trata-se de um dos eventos mais tradicionais da regi\u00e3o. A promo\u00e7\u00e3o \u00e9 da Adesc&nbsp;&nbsp; e vai ter como palco a sede da Associa\u00e7\u00e3o de Apoio ao Motorista, que fica na Alameda Liberdade, 25, Bairro Dona Beja, com entrada franca. Al\u00e9m da integra\u00e7\u00e3o cultural, a Festa dos Motoristas prima pela promo\u00e7\u00e3o da arte social inclusiva e valoriza\u00e7\u00e3o das tradi\u00e7\u00f5es folcl\u00f3ricas e populares, do interior de Minas Gerais. O evento cultural \u00e9 gratuito, aberto a toda comunidade com ampla acessibilidade e seguran\u00e7a.&nbsp;<\/p>\n\n\n\n<p>Como tradi\u00e7\u00e3o o evento tamb\u00e9m ter\u00e1 a realiza\u00e7\u00e3o do Concurso de Frases de Para Choque. Na programa\u00e7\u00e3o &nbsp;destaque para eventos art\u00edsticos, culturais e religiosos. Confira a grade completa:<\/p>\n\n\n\n<p>Dia 20 de julho: Missa, Shows com Jony e Wanderson e Miguel Torres<\/p>\n\n\n\n<p>Dia 21 de julho; Missa e Shows com Dalila Severo e Ricardo e Leonardo<\/p>\n\n\n\n<p>Dia 22 de julho : comemora\u00e7\u00e3o no Sest Senat do dia do motorista e apresenta\u00e7\u00e3o das frases finalistas, Missa, premia\u00e7\u00e3o do concurso de frases e shows com Encontro Sertanejo e Eliane e convidados.<\/p>\n\n\n\n<p>Dia 23 de julho: Alvorada, caf\u00e9 da manha, carreata, Shows com Jo\u00e3o Lucas Ferraz, S\u00e9rgio Lins e Wanderson e Douglas Henrique e Magalh\u00e3es. Todos os dias haver\u00e1 sorteio de brindes.<\/p>\n","protected":false},"excerpt":{"rendered":"<p>De 20 a 23 de julho de 2023, Arax\u00e1 vai sediar mais uma Festa dos Motoristas. Trata-se de um dos<\/p>\n","protected":false},"author":2,"featured_media":5530,"comment_status":"open","ping_status":"open","sticky":false,"template":"","format":"standard","meta":{"footnotes":""},"categories":[9,11],"tags":[],"class_list":["post-5529","post","type-post","status-publish","format-standard","has-post-thumbnail","hentry","category-araxa","category-destaques"],"_links":{"self":[{"href":"http:\/\/blogdoarmindomaia.com.br\/index.php?rest_route=\/wp\/v2\/posts\/5529","targetHints":{"allow":["GET"]}}],"collection":[{"href":"http:\/\/blogdoarmindomaia.com.br\/index.php?rest_route=\/wp\/v2\/posts"}],"about":[{"href":"http:\/\/blogdoarmindomaia.com.br\/index.php?rest_route=\/wp\/v2\/types\/post"}],"author":[{"embeddable":true,"href":"http:\/\/blogdoarmindomaia.com.br\/index.php?rest_route=\/wp\/v2\/users\/2"}],"replies":[{"embeddable":true,"href":"http:\/\/blogdoarmindomaia.com.br\/index.php?rest_route=%2Fwp%2Fv2%2Fcomments&post=5529"}],"version-history":[{"count":1,"href":"http:\/\/blogdoarmindomaia.com.br\/index.php?rest_route=\/wp\/v2\/posts\/5529\/revisions"}],"predecessor-version":[{"id":5531,"href":"http:\/\/blogdoarmindomaia.com.br\/index.php?rest_route=\/wp\/v2\/posts\/5529\/revisions\/5531"}],"wp:featuredmedia":[{"embeddable":true,"href":"http:\/\/blogdoarmindomaia.com.br\/index.php?rest_route=\/wp\/v2\/media\/5530"}],"wp:attachment":[{"href":"http:\/\/blogdoarmindomaia.com.br\/index.php?rest_route=%2Fwp%2Fv2%2Fmedia&parent=5529"}],"wp:term":[{"taxonomy":"category","embeddable":true,"href":"http:\/\/blogdoarmindomaia.com.br\/index.php?rest_route=%2Fwp%2Fv2%2Fcategories&post=5529"},{"taxonomy":"post_tag","embeddable":true,"href":"http:\/\/blogdoarmindomaia.com.br\/index.php?rest_route=%2Fwp%2Fv2%2Ftags&post=5529"}],"curies":[{"name":"wp","href":"https:\/\/api.w.org\/{rel}","templated":true}]}}