{"id":5532,"date":"2023-06-28T15:08:45","date_gmt":"2023-06-28T18:08:45","guid":{"rendered":"http:\/\/blogdoarmindomaia.com.br\/?p=5532"},"modified":"2023-06-28T15:08:47","modified_gmt":"2023-06-28T18:08:47","slug":"transporte-publico-de-araxa-recebe-cinco-novos-onibus-e-internet-gratuita","status":"publish","type":"post","link":"http:\/\/blogdoarmindomaia.com.br\/?p=5532","title":{"rendered":"Transporte p\u00fablico de Arax\u00e1 recebe cinco novos \u00f4nibus e internet gratuita"},"content":{"rendered":"\n<figure class=\"wp-block-image size-large is-style-default\"><img loading=\"lazy\" decoding=\"async\" width=\"1024\" height=\"771\" src=\"http:\/\/blogdoarmindomaia.com.br\/wp-content\/uploads\/2023\/06\/Transporte-publico-3-1024x771.jpeg\" alt=\"\" class=\"wp-image-5533\" srcset=\"http:\/\/blogdoarmindomaia.com.br\/wp-content\/uploads\/2023\/06\/Transporte-publico-3-1024x771.jpeg 1024w, http:\/\/blogdoarmindomaia.com.br\/wp-content\/uploads\/2023\/06\/Transporte-publico-3-300x226.jpeg 300w, http:\/\/blogdoarmindomaia.com.br\/wp-content\/uploads\/2023\/06\/Transporte-publico-3-768x578.jpeg 768w, http:\/\/blogdoarmindomaia.com.br\/wp-content\/uploads\/2023\/06\/Transporte-publico-3-1536x1156.jpeg 1536w, http:\/\/blogdoarmindomaia.com.br\/wp-content\/uploads\/2023\/06\/Transporte-publico-3.jpeg 1600w\" sizes=\"auto, (max-width: 1024px) 100vw, 1024px\" \/><\/figure>\n\n\n\n<p>Mais seguran\u00e7a e modernidade. A empresa Vera Cruz, concession\u00e1ria respons\u00e1vel pelo servi\u00e7o de transporte p\u00fablico urbano em Arax\u00e1, iniciou o processo de renova\u00e7\u00e3o da frota de \u00f4nibus na cidade. J\u00e1 a implanta\u00e7\u00e3o de internet gratuita para os usu\u00e1rios do sistema teve in\u00edcio nesta quarta-feira (28).<br><br>Por meio do programa \u201cEu Vou\u201d, de Pol\u00edtica P\u00fablica Municipal de Mobilidade Urbana, implantado pela Prefeitura de Arax\u00e1 em dezembro de 2022, a empresa deve, obrigatoriamente, adquirir oito novos ve\u00edculos por ano at\u00e9 a substitui\u00e7\u00e3o completa da frota. Neste primeiro semestre de 2023, foram adquiridos os primeiros cinco novos \u00f4nibus, que j\u00e1 est\u00e3o sendo incorporados \u00e0 frota da empresa.<br><br>Com o intuito de melhorar os atendimentos e proporcionar mais seguran\u00e7a e comodidade aos passageiros, os modelos adquiridos ir\u00e3o contemplar as linhas Distrito Industrial \/ Centro; Barreiro \/ Centro; Centro Administrativo \/ Centro e Novo Horizonte \/ Centro a partir da pr\u00f3xima semana. Os usu\u00e1rios da linha Aeroporto \/ Padre Alaor foram os primeiros a serem beneficiados com o ve\u00edculo mais moderno e, desde o \u00faltimo m\u00eas, est\u00e3o utilizando desse servi\u00e7o.<br><br>De acordo com o gerente de Opera\u00e7\u00f5es da Vera Cruz, Fl\u00e1vio Rodrigues de Morais, cerca de 14.200 pessoas utilizam diariamente o transporte p\u00fablico em Arax\u00e1.<br><br>\u201cO munic\u00edpio est\u00e1 em constante desenvolvimento e a popula\u00e7\u00e3o de Arax\u00e1 agora necessita e passa a contar com uma frota mais moderna, al\u00e9m da disponibilidade de mais ve\u00edculos para o sistema. \u201cO programa \u201cEu Vou\u201d tem demonstrado resultados fant\u00e1sticos, por meio da disponibilidade de uma tarifa mais acess\u00edvel, al\u00e9m da gratuidade para idosos e estudantes.\u201d, diz.<br><br>Essa a\u00e7\u00e3o reafirma toda a preocupa\u00e7\u00e3o do Munic\u00edpio com o sistema de transporte coletivo na cidade. A renova\u00e7\u00e3o da frota, a disponibiliza\u00e7\u00e3o gratuita de internet, a reforma de pontos de \u00f4nibus e a melhoria na oferta de linhas e hor\u00e1rios com certeza ir\u00e3o fazer de Arax\u00e1 refer\u00eancia na presta\u00e7\u00e3o de servi\u00e7o ao usu\u00e1rio do transporte p\u00fablico\u201d, acrescenta Fl\u00e1vio.<\/p>\n","protected":false},"excerpt":{"rendered":"<p>Mais seguran\u00e7a e modernidade. A empresa Vera Cruz, concession\u00e1ria respons\u00e1vel pelo servi\u00e7o de transporte p\u00fablico urbano em Arax\u00e1, iniciou o<\/p>\n","protected":false},"author":2,"featured_media":5533,"comment_status":"open","ping_status":"open","sticky":false,"template":"","format":"standard","meta":{"footnotes":""},"categories":[9,11],"tags":[],"class_list":["post-5532","post","type-post","status-publish","format-standard","has-post-thumbnail","hentry","category-araxa","category-destaques"],"_links":{"self":[{"href":"http:\/\/blogdoarmindomaia.com.br\/index.php?rest_route=\/wp\/v2\/posts\/5532","targetHints":{"allow":["GET"]}}],"collection":[{"href":"http:\/\/blogdoarmindomaia.com.br\/index.php?rest_route=\/wp\/v2\/posts"}],"about":[{"href":"http:\/\/blogdoarmindomaia.com.br\/index.php?rest_route=\/wp\/v2\/types\/post"}],"author":[{"embeddable":true,"href":"http:\/\/blogdoarmindomaia.com.br\/index.php?rest_route=\/wp\/v2\/users\/2"}],"replies":[{"embeddable":true,"href":"http:\/\/blogdoarmindomaia.com.br\/index.php?rest_route=%2Fwp%2Fv2%2Fcomments&post=5532"}],"version-history":[{"count":1,"href":"http:\/\/blogdoarmindomaia.com.br\/index.php?rest_route=\/wp\/v2\/posts\/5532\/revisions"}],"predecessor-version":[{"id":5534,"href":"http:\/\/blogdoarmindomaia.com.br\/index.php?rest_route=\/wp\/v2\/posts\/5532\/revisions\/5534"}],"wp:featuredmedia":[{"embeddable":true,"href":"http:\/\/blogdoarmindomaia.com.br\/index.php?rest_route=\/wp\/v2\/media\/5533"}],"wp:attachment":[{"href":"http:\/\/blogdoarmindomaia.com.br\/index.php?rest_route=%2Fwp%2Fv2%2Fmedia&parent=5532"}],"wp:term":[{"taxonomy":"category","embeddable":true,"href":"http:\/\/blogdoarmindomaia.com.br\/index.php?rest_route=%2Fwp%2Fv2%2Fcategories&post=5532"},{"taxonomy":"post_tag","embeddable":true,"href":"http:\/\/blogdoarmindomaia.com.br\/index.php?rest_route=%2Fwp%2Fv2%2Ftags&post=5532"}],"curies":[{"name":"wp","href":"https:\/\/api.w.org\/{rel}","templated":true}]}}