{"id":5538,"date":"2023-06-28T15:13:43","date_gmt":"2023-06-28T18:13:43","guid":{"rendered":"http:\/\/blogdoarmindomaia.com.br\/?p=5538"},"modified":"2023-06-28T15:13:45","modified_gmt":"2023-06-28T18:13:45","slug":"secretaria-de-saude-recebe-veiculos-para-atendimento-a-atencao-primaria-vigilancias-e-caps-maria-pirola","status":"publish","type":"post","link":"http:\/\/blogdoarmindomaia.com.br\/?p=5538","title":{"rendered":"Secretaria de Sa\u00fade recebe ve\u00edculos para atendimento \u00e0 Aten\u00e7\u00e3o Prim\u00e1ria, Vigil\u00e2ncias e Caps Maria Pirola"},"content":{"rendered":"\n<figure class=\"wp-block-image size-full is-style-default\"><img loading=\"lazy\" decoding=\"async\" width=\"1024\" height=\"683\" src=\"http:\/\/blogdoarmindomaia.com.br\/wp-content\/uploads\/2023\/06\/Secretaria-de-Saude-recebe-veiculos-para-atendimento-a-Atencao-Primaria-pag-03.jpeg\" alt=\"\" class=\"wp-image-5539\" srcset=\"http:\/\/blogdoarmindomaia.com.br\/wp-content\/uploads\/2023\/06\/Secretaria-de-Saude-recebe-veiculos-para-atendimento-a-Atencao-Primaria-pag-03.jpeg 1024w, http:\/\/blogdoarmindomaia.com.br\/wp-content\/uploads\/2023\/06\/Secretaria-de-Saude-recebe-veiculos-para-atendimento-a-Atencao-Primaria-pag-03-300x200.jpeg 300w, http:\/\/blogdoarmindomaia.com.br\/wp-content\/uploads\/2023\/06\/Secretaria-de-Saude-recebe-veiculos-para-atendimento-a-Atencao-Primaria-pag-03-768x512.jpeg 768w\" sizes=\"auto, (max-width: 1024px) 100vw, 1024px\" \/><\/figure>\n\n\n\n<p>A Secretaria Municipal de Sa\u00fade recebeu seis ve\u00edculos para atendimento aos setores da Aten\u00e7\u00e3o Prim\u00e1ria, Vigil\u00e2ncia em Sa\u00fade, Vigil\u00e2ncia Epidemiol\u00f3gica e Centro de Aten\u00e7\u00e3o Psicossocial (Caps) Maria Pirola.<br><br>A nova frota foi apresentada no p\u00e1tio da Unisul, e foi adquirida pela Prefeitura de Arax\u00e1 por meio de emendas estaduais e federais, duas delas do deputado estadual Bosco e uma do ex-deputado Dalmo Ribeiro, por meio de indica\u00e7\u00e3o do vereador Wellington Martins.<br><br>De acordo com a secret\u00e1ria municipal de Sa\u00fade, Cristiane Gon\u00e7alves Pereira, a parceria objetiva a Gest\u00e3o Municipal equipar e modernizar os servi\u00e7os de atendimento de Sa\u00fade do Munic\u00edpio. \u201c\u00c9 uma parceria fundamental para que possamos oferecer um servi\u00e7o de qualidade para toda a popula\u00e7\u00e3o araxaense\u201d, afirma.<br><br>O prefeito Robson Magela destaca que os novos ve\u00edculos v\u00e3o dar mais alcance aos servi\u00e7os prestados \u00e0 popula\u00e7\u00e3o. \u201c\u00c9 a Sa\u00fade da cidade mais uma vez avan\u00e7ando na qualidade do atendimento. Esses autom\u00f3veis vieram para somar, principalmente para as atividades da Sa\u00fade Mental, da Aten\u00e7\u00e3o B\u00e1sica e das Vigil\u00e2ncias\u201d, ressalta.<\/p>\n","protected":false},"excerpt":{"rendered":"<p>A Secretaria Municipal de Sa\u00fade recebeu seis ve\u00edculos para atendimento aos setores da Aten\u00e7\u00e3o Prim\u00e1ria, Vigil\u00e2ncia em Sa\u00fade, Vigil\u00e2ncia Epidemiol\u00f3gica<\/p>\n","protected":false},"author":2,"featured_media":5539,"comment_status":"open","ping_status":"open","sticky":false,"template":"","format":"standard","meta":{"footnotes":""},"categories":[9,11],"tags":[],"class_list":["post-5538","post","type-post","status-publish","format-standard","has-post-thumbnail","hentry","category-araxa","category-destaques"],"_links":{"self":[{"href":"http:\/\/blogdoarmindomaia.com.br\/index.php?rest_route=\/wp\/v2\/posts\/5538","targetHints":{"allow":["GET"]}}],"collection":[{"href":"http:\/\/blogdoarmindomaia.com.br\/index.php?rest_route=\/wp\/v2\/posts"}],"about":[{"href":"http:\/\/blogdoarmindomaia.com.br\/index.php?rest_route=\/wp\/v2\/types\/post"}],"author":[{"embeddable":true,"href":"http:\/\/blogdoarmindomaia.com.br\/index.php?rest_route=\/wp\/v2\/users\/2"}],"replies":[{"embeddable":true,"href":"http:\/\/blogdoarmindomaia.com.br\/index.php?rest_route=%2Fwp%2Fv2%2Fcomments&post=5538"}],"version-history":[{"count":1,"href":"http:\/\/blogdoarmindomaia.com.br\/index.php?rest_route=\/wp\/v2\/posts\/5538\/revisions"}],"predecessor-version":[{"id":5540,"href":"http:\/\/blogdoarmindomaia.com.br\/index.php?rest_route=\/wp\/v2\/posts\/5538\/revisions\/5540"}],"wp:featuredmedia":[{"embeddable":true,"href":"http:\/\/blogdoarmindomaia.com.br\/index.php?rest_route=\/wp\/v2\/media\/5539"}],"wp:attachment":[{"href":"http:\/\/blogdoarmindomaia.com.br\/index.php?rest_route=%2Fwp%2Fv2%2Fmedia&parent=5538"}],"wp:term":[{"taxonomy":"category","embeddable":true,"href":"http:\/\/blogdoarmindomaia.com.br\/index.php?rest_route=%2Fwp%2Fv2%2Fcategories&post=5538"},{"taxonomy":"post_tag","embeddable":true,"href":"http:\/\/blogdoarmindomaia.com.br\/index.php?rest_route=%2Fwp%2Fv2%2Ftags&post=5538"}],"curies":[{"name":"wp","href":"https:\/\/api.w.org\/{rel}","templated":true}]}}