{"id":5541,"date":"2023-06-28T15:16:29","date_gmt":"2023-06-28T18:16:29","guid":{"rendered":"http:\/\/blogdoarmindomaia.com.br\/?p=5541"},"modified":"2023-06-28T15:16:30","modified_gmt":"2023-06-28T18:16:30","slug":"fmf-define-tabela-do-ganso-na-segunda-divisao","status":"publish","type":"post","link":"http:\/\/blogdoarmindomaia.com.br\/?p=5541","title":{"rendered":"FMF define tabela do Ganso na Segunda Divis\u00e3o"},"content":{"rendered":"\n<figure class=\"wp-block-image size-full is-style-default\"><img loading=\"lazy\" decoding=\"async\" width=\"1024\" height=\"683\" src=\"http:\/\/blogdoarmindomaia.com.br\/wp-content\/uploads\/2023\/06\/FMF-define-tabela-do-Ganso-na-Segunda-Divisao-esportes.jpg\" alt=\"\" class=\"wp-image-5542\" srcset=\"http:\/\/blogdoarmindomaia.com.br\/wp-content\/uploads\/2023\/06\/FMF-define-tabela-do-Ganso-na-Segunda-Divisao-esportes.jpg 1024w, http:\/\/blogdoarmindomaia.com.br\/wp-content\/uploads\/2023\/06\/FMF-define-tabela-do-Ganso-na-Segunda-Divisao-esportes-300x200.jpg 300w, http:\/\/blogdoarmindomaia.com.br\/wp-content\/uploads\/2023\/06\/FMF-define-tabela-do-Ganso-na-Segunda-Divisao-esportes-768x512.jpg 768w\" sizes=\"auto, (max-width: 1024px) 100vw, 1024px\" \/><\/figure>\n\n\n\n<p>A Federa\u00e7\u00e3o Mineira de Futebol j\u00e1 definiu o regulamento e a tabela de jogos do Campeonato Mineiro da Segunda Divis\u00e3o de 2023. E o Arax\u00e1 Esporte j\u00e1 tem datas, hor\u00e1rios e confrontos definidos para a primeira fase da competi\u00e7\u00e3o que come\u00e7a no dia 26 de agosto vindouro.<\/p>\n\n\n\n<p>CLUBES PARTICIPANTES<\/p>\n\n\n\n<p>Teremos, ao todo, 17 equipes disputando a Segunda Divis\u00e3o 2023: Am\u00e9rica de Te\u00f3filo Otoni, Arax\u00e1 Esporte Clube, Associa\u00e7\u00e3o Desportiva Internacional de Minas, Associa\u00e7\u00e3o Esportiva Paracatu, Atl\u00e9tico Clube Tr\u00eas Cora\u00e7\u00f5es, Boston City Futebol Clube, Clube Atl\u00e9tico Serranense, Coimbra Esporte Clube, Contagem Esporte Clube, Esporte Clube Mamor\u00e9, Esporte Clube Villa Real, Guarani Esporte Clube, Juventus de Minas Novas, Nacional Futebol Clube, Pirapora Futebol Clube, Po\u00e7os de Caldas Futebol Clube e Val\u00e9riodoce Esporte Clube.<\/p>\n\n\n\n<p>FORMATO<\/p>\n\n\n\n<p>O campeonato ser\u00e1 disputado com atletas sub-23, e a fase classificat\u00f3ria ser\u00e1 disputada em 4 grupos (3 grupos com 4 clubes e 1 grupo com 5 clubes).<\/p>\n\n\n\n<p>GRUPO 1 \u2013 Am\u00e9rica-TO, Val\u00e9rio, Juventus e Boston<\/p>\n\n\n\n<p>GRUPO 2 \u2013 Nacional, Pirapora, Paracatu, Mamor\u00e9 e Arax\u00e1<\/p>\n\n\n\n<p>GRUPO 3 \u2013 Po\u00e7os de Caldas, Atl\u00e9tico Tr\u00eas Cora\u00e7\u00f5es, Villa Real e Guarani<\/p>\n\n\n\n<p>GRUPO 4 \u2013 Coimbra, Contagem, Inter de Minas e Serranense<\/p>\n\n\n\n<p>Os clubes se enfrentam em turno e returno dentro do pr\u00f3prio grupo, classificando-se os 2 melhores de cada grupo para as quartas de final. As fases quartas de final, semifinal e final ser\u00e3o disputadas em ida e volta.<\/p>\n\n\n\n<p>IN\u00cdCIO E T\u00c9RMINO<\/p>\n\n\n\n<p>A disputa da fase classificat\u00f3ria ocorrer\u00e1 do dia 26\/08 ao dia 21\/10. A fase \u201cmata-mata\u201d come\u00e7a no dia 28\/10 e a final ser\u00e1 disputada no dia 25\/11.<\/p>\n\n\n\n<p>O Ganso que est\u00e1 no Grupo 2 vai estrear na Segundona 2023, dia 02 de setembro as 15:30 no est\u00e1dio Fausto Alvim, contra o Nacional de Uberaba. O Alvinegro folgar\u00e1 na primeira rodada.&nbsp;&nbsp; &nbsp;&nbsp;&nbsp;<\/p>\n","protected":false},"excerpt":{"rendered":"<p>A Federa\u00e7\u00e3o Mineira de Futebol j\u00e1 definiu o regulamento e a tabela de jogos do Campeonato Mineiro da Segunda Divis\u00e3o<\/p>\n","protected":false},"author":2,"featured_media":5542,"comment_status":"open","ping_status":"open","sticky":false,"template":"","format":"standard","meta":{"footnotes":""},"categories":[9,11,15],"tags":[],"class_list":["post-5541","post","type-post","status-publish","format-standard","has-post-thumbnail","hentry","category-araxa","category-destaques","category-esportes"],"_links":{"self":[{"href":"http:\/\/blogdoarmindomaia.com.br\/index.php?rest_route=\/wp\/v2\/posts\/5541","targetHints":{"allow":["GET"]}}],"collection":[{"href":"http:\/\/blogdoarmindomaia.com.br\/index.php?rest_route=\/wp\/v2\/posts"}],"about":[{"href":"http:\/\/blogdoarmindomaia.com.br\/index.php?rest_route=\/wp\/v2\/types\/post"}],"author":[{"embeddable":true,"href":"http:\/\/blogdoarmindomaia.com.br\/index.php?rest_route=\/wp\/v2\/users\/2"}],"replies":[{"embeddable":true,"href":"http:\/\/blogdoarmindomaia.com.br\/index.php?rest_route=%2Fwp%2Fv2%2Fcomments&post=5541"}],"version-history":[{"count":1,"href":"http:\/\/blogdoarmindomaia.com.br\/index.php?rest_route=\/wp\/v2\/posts\/5541\/revisions"}],"predecessor-version":[{"id":5543,"href":"http:\/\/blogdoarmindomaia.com.br\/index.php?rest_route=\/wp\/v2\/posts\/5541\/revisions\/5543"}],"wp:featuredmedia":[{"embeddable":true,"href":"http:\/\/blogdoarmindomaia.com.br\/index.php?rest_route=\/wp\/v2\/media\/5542"}],"wp:attachment":[{"href":"http:\/\/blogdoarmindomaia.com.br\/index.php?rest_route=%2Fwp%2Fv2%2Fmedia&parent=5541"}],"wp:term":[{"taxonomy":"category","embeddable":true,"href":"http:\/\/blogdoarmindomaia.com.br\/index.php?rest_route=%2Fwp%2Fv2%2Fcategories&post=5541"},{"taxonomy":"post_tag","embeddable":true,"href":"http:\/\/blogdoarmindomaia.com.br\/index.php?rest_route=%2Fwp%2Fv2%2Ftags&post=5541"}],"curies":[{"name":"wp","href":"https:\/\/api.w.org\/{rel}","templated":true}]}}