{"id":5547,"date":"2023-06-29T14:25:23","date_gmt":"2023-06-29T17:25:23","guid":{"rendered":"http:\/\/blogdoarmindomaia.com.br\/?p=5547"},"modified":"2023-06-29T14:25:25","modified_gmt":"2023-06-29T17:25:25","slug":"patricia-martins-brilha-na-corrida-da-fogueira","status":"publish","type":"post","link":"http:\/\/blogdoarmindomaia.com.br\/?p=5547","title":{"rendered":"Patr\u00edcia Martins brilha na Corrida da Fogueira"},"content":{"rendered":"\n<figure class=\"wp-block-image size-large is-style-default\"><img loading=\"lazy\" decoding=\"async\" width=\"1024\" height=\"662\" src=\"http:\/\/blogdoarmindomaia.com.br\/wp-content\/uploads\/2023\/06\/image0-1024x662.jpeg\" alt=\"\" class=\"wp-image-5548\" srcset=\"http:\/\/blogdoarmindomaia.com.br\/wp-content\/uploads\/2023\/06\/image0-1024x662.jpeg 1024w, http:\/\/blogdoarmindomaia.com.br\/wp-content\/uploads\/2023\/06\/image0-300x194.jpeg 300w, http:\/\/blogdoarmindomaia.com.br\/wp-content\/uploads\/2023\/06\/image0-768x497.jpeg 768w, http:\/\/blogdoarmindomaia.com.br\/wp-content\/uploads\/2023\/06\/image0.jpeg 1178w\" sizes=\"auto, (max-width: 1024px) 100vw, 1024px\" \/><\/figure>\n\n\n\n<p><strong>Aconteceu no \u00faltimo s\u00e1bado 24\/06\/2023 a 71\u00aa&nbsp;Corrida Internacional&nbsp;&nbsp;da Fogueira uma corrida em alto n\u00edvel reunindo v\u00e1rios corredores de Elite, trazendo atletas consagrados para a prova e com&nbsp;&nbsp;um&nbsp;&nbsp;grande p\u00fablico acompanhando a corrida&nbsp;&nbsp;\u00e9&nbsp;reunindo 329 atletas. A corrida contou com percurso de 5 km e 10 km. E Patr\u00edcia Martins conseguiu um terceiro lugar geral Feminino nos 10 km correndo ao lado de corredoras de Elite.<\/strong><\/p>\n\n\n\n<p><strong>Confira&nbsp;os&nbsp;resultados&nbsp;da&nbsp;Corrida&nbsp;Internacional da&nbsp;Fogueira<\/strong><\/p>\n\n\n\n<p>Geral&nbsp;Masculino&nbsp;10&nbsp;km<\/p>\n\n\n\n<p>1 \u2013 Joseph Kachapin Aperumoi<\/p>\n\n\n\n<p>2 \u2013 Gustavo Barros de Souza<\/p>\n\n\n\n<p>3 \u2013 Edmilson dos Reis Santana<\/p>\n\n\n\n<p>4 \u2013 Frederico Santos Abra\u00e3o<\/p>\n\n\n\n<p>5 \u2013 Paulo Jos\u00e9 de Sousa<\/p>\n\n\n\n<p>Geral&nbsp;Feminino&nbsp;10&nbsp;km<\/p>\n\n\n\n<p>1 \u2013 Regiane Braga de Souza<\/p>\n\n\n\n<p>2 \u2013 Tatiele Roberta de Carvalho<\/p>\n\n\n\n<p>3 \u2013 Patr\u00edcia Miranda Rodrigues Ribeiro Martins<\/p>\n\n\n\n<p>4 \u2013 Grazielle Francelino Pedroso<\/p>\n\n\n\n<p>5 \u2013 Maria Zeferina Rodrigues Baldaia<\/p>\n\n\n\n<p><strong>A atleta Patr\u00edcia Martins, agradece a todos que a apoiam.<\/strong><\/p>\n\n\n\n<p><strong>Sicoob Crediara<\/strong>, Treinador Planilha Corrrida, Cristiano da Cr_runnersbrasil, Academia Cornelius Atl\u00e9tica, Treinador Academia Chineyder, Fernanda Augusta Nutricionista, Cl\u00ednica Integrare,&nbsp;Montovani William e Joana, Suplementos Bianca,&nbsp;<a href=\"https:\/\/www.google.com\/url?sa=t&amp;rct=j&amp;q=&amp;esrc=s&amp;source=web&amp;cd=&amp;cad=rja&amp;uact=8&amp;ved=2ahUKEwjPyvmgkNP_AhUNq5UCHcsADb8QFnoECBoQAQ&amp;url=https%3A%2F%2Fsefengenharia.com.br%2F&amp;usg=AOvVaw3pjjqFdQPOSVqMA0R90vte&amp;opi=89978449\" target=\"_blank\" rel=\"noreferrer noopener\">S&amp;F Engenharia.<\/a><\/p>\n","protected":false},"excerpt":{"rendered":"<p>Aconteceu no \u00faltimo s\u00e1bado 24\/06\/2023 a 71\u00aa&nbsp;Corrida Internacional&nbsp;&nbsp;da Fogueira uma corrida em alto n\u00edvel reunindo v\u00e1rios corredores de Elite, trazendo<\/p>\n","protected":false},"author":2,"featured_media":5548,"comment_status":"open","ping_status":"open","sticky":false,"template":"","format":"standard","meta":{"footnotes":""},"categories":[9,11,15],"tags":[],"class_list":["post-5547","post","type-post","status-publish","format-standard","has-post-thumbnail","hentry","category-araxa","category-destaques","category-esportes"],"_links":{"self":[{"href":"http:\/\/blogdoarmindomaia.com.br\/index.php?rest_route=\/wp\/v2\/posts\/5547","targetHints":{"allow":["GET"]}}],"collection":[{"href":"http:\/\/blogdoarmindomaia.com.br\/index.php?rest_route=\/wp\/v2\/posts"}],"about":[{"href":"http:\/\/blogdoarmindomaia.com.br\/index.php?rest_route=\/wp\/v2\/types\/post"}],"author":[{"embeddable":true,"href":"http:\/\/blogdoarmindomaia.com.br\/index.php?rest_route=\/wp\/v2\/users\/2"}],"replies":[{"embeddable":true,"href":"http:\/\/blogdoarmindomaia.com.br\/index.php?rest_route=%2Fwp%2Fv2%2Fcomments&post=5547"}],"version-history":[{"count":1,"href":"http:\/\/blogdoarmindomaia.com.br\/index.php?rest_route=\/wp\/v2\/posts\/5547\/revisions"}],"predecessor-version":[{"id":5549,"href":"http:\/\/blogdoarmindomaia.com.br\/index.php?rest_route=\/wp\/v2\/posts\/5547\/revisions\/5549"}],"wp:featuredmedia":[{"embeddable":true,"href":"http:\/\/blogdoarmindomaia.com.br\/index.php?rest_route=\/wp\/v2\/media\/5548"}],"wp:attachment":[{"href":"http:\/\/blogdoarmindomaia.com.br\/index.php?rest_route=%2Fwp%2Fv2%2Fmedia&parent=5547"}],"wp:term":[{"taxonomy":"category","embeddable":true,"href":"http:\/\/blogdoarmindomaia.com.br\/index.php?rest_route=%2Fwp%2Fv2%2Fcategories&post=5547"},{"taxonomy":"post_tag","embeddable":true,"href":"http:\/\/blogdoarmindomaia.com.br\/index.php?rest_route=%2Fwp%2Fv2%2Ftags&post=5547"}],"curies":[{"name":"wp","href":"https:\/\/api.w.org\/{rel}","templated":true}]}}