{"id":5551,"date":"2023-06-29T14:29:36","date_gmt":"2023-06-29T17:29:36","guid":{"rendered":"http:\/\/blogdoarmindomaia.com.br\/?p=5551"},"modified":"2023-06-29T14:29:38","modified_gmt":"2023-06-29T17:29:38","slug":"escritor-luiz-humberto-franca-lanca-no-fliaraxa-seu-primeiro-livro-infantojuvenil","status":"publish","type":"post","link":"http:\/\/blogdoarmindomaia.com.br\/?p=5551","title":{"rendered":"ESCRITOR LUIZ HUMBERTO FRAN\u00c7A LAN\u00c7A NO FLIARAX\u00c1 SEU PRIMEIRO LIVRO INFANTOJUVENIL"},"content":{"rendered":"\n<figure class=\"wp-block-image size-large is-style-default\"><img loading=\"lazy\" decoding=\"async\" width=\"1024\" height=\"682\" src=\"http:\/\/blogdoarmindomaia.com.br\/wp-content\/uploads\/2023\/06\/fra-1024x682.jpg\" alt=\"\" class=\"wp-image-5552\" srcset=\"http:\/\/blogdoarmindomaia.com.br\/wp-content\/uploads\/2023\/06\/fra-1024x682.jpg 1024w, http:\/\/blogdoarmindomaia.com.br\/wp-content\/uploads\/2023\/06\/fra-300x200.jpg 300w, http:\/\/blogdoarmindomaia.com.br\/wp-content\/uploads\/2023\/06\/fra-768x512.jpg 768w, http:\/\/blogdoarmindomaia.com.br\/wp-content\/uploads\/2023\/06\/fra-1536x1023.jpg 1536w, http:\/\/blogdoarmindomaia.com.br\/wp-content\/uploads\/2023\/06\/fra.jpg 1600w\" sizes=\"auto, (max-width: 1024px) 100vw, 1024px\" \/><\/figure>\n\n\n\n<figure class=\"wp-block-image size-large is-style-default\"><img loading=\"lazy\" decoding=\"async\" width=\"1024\" height=\"722\" src=\"http:\/\/blogdoarmindomaia.com.br\/wp-content\/uploads\/2023\/06\/fraccc-1024x722.jpg\" alt=\"\" class=\"wp-image-5553\" srcset=\"http:\/\/blogdoarmindomaia.com.br\/wp-content\/uploads\/2023\/06\/fraccc-1024x722.jpg 1024w, http:\/\/blogdoarmindomaia.com.br\/wp-content\/uploads\/2023\/06\/fraccc-300x212.jpg 300w, http:\/\/blogdoarmindomaia.com.br\/wp-content\/uploads\/2023\/06\/fraccc-768x541.jpg 768w, http:\/\/blogdoarmindomaia.com.br\/wp-content\/uploads\/2023\/06\/fraccc-1536x1083.jpg 1536w, http:\/\/blogdoarmindomaia.com.br\/wp-content\/uploads\/2023\/06\/fraccc.jpg 1600w\" sizes=\"auto, (max-width: 1024px) 100vw, 1024px\" \/><\/figure>\n\n\n\n<p><strong>Olhos de Pedra<\/strong> esse \u00e9 nome do novo trabalho. Depois de cinco livros publicados e de navegar por v\u00e1rios estilos liter\u00e1rios, Fran\u00e7a desembarca agora no universo infantojuvenil. A proposta da obra \u00e9 resgatar a import\u00e2ncia de monumentos e s\u00edmbolos das nossas pra\u00e7as. \u201cS\u00e3o patrim\u00f4nios que contam a hist\u00f3ria da cidade e muitas vezes n\u00e3o s\u00e3o percebidos. Eles precisam ser vistos, valorizados e bem cuidados. Temos que ensinar as novas gera\u00e7\u00f5es que hist\u00f3rias esses personagens im\u00f3veis nos contam\u201d, enfatiza Fran\u00e7a.<\/p>\n\n\n\n<p>O escritor explica que os monumentos p\u00fablicos s\u00e3o parte estrat\u00e9gica da forma\u00e7\u00e3o da identidade e ajuda a criar o sentimento de pertencimento a uma cidade a um povo. \u201cNuma sociedade que se transforma a cada segundo, onde ningu\u00e9m tem tempo, esses marcos carregados de valores passam a ser ignorados. Meu papel social enquanto escritor n\u00e3o \u00e9 s\u00f3 de contar novas hist\u00f3rias, mas tamb\u00e9m de abrir os olhos dos leitores para esses elementos importantes. Foi assim no livro Arax\u00e1 em Detalhes e agora com Olhos de Pedra\u201d.<\/p>\n\n\n\n<p>A produ\u00e7\u00e3o do livro foi da editora Gestalt e contou com uma grande equipe de profissionais que atuam em Arax\u00e1: coordena\u00e7\u00e3o geral de Rodolfo Scalon e Daniel Nery, ilustra\u00e7\u00f5es de Leo Calix, revis\u00e3o editorial de Rafael Nolli, diagrama\u00e7\u00e3o de Julia Bruno e fotos de Crys Jardim e Carol Bento. Uma forma de valorizar os talentos da cidade. O livro que j\u00e1 est\u00e1 dispon\u00edvel na Livraria Nobel, teve o patroc\u00ednio do Grupo Bahamas, Santa Clara, CSI Empreendimentos, Plenna Engenharia e Hotel Dona Beja. Com apoio cultural da Academia Araxaense de Letras.<\/p>\n\n\n\n<p><strong>SOBRE O AUTOR<\/strong><\/p>\n\n\n\n<p>Luiz Humberto Fran\u00e7a \u00e9 jornalista, membro da Academia Araxaense de Letras onde foi presidente no per\u00edodo de maio de 2021 a maio de 2023, \u00e9 vice-presidente da ASALEMG- Associa\u00e7\u00e3o das Academias de Letras de Minas Gerais e curador do Fliarax\u00e1. Graduou-se em comunica\u00e7\u00e3o pela Universidade de Uberaba, com MBA pela Universidade de Franca e especializa\u00e7\u00e3o em literatura pela Universidade do Livro, da UNESP e Escola do Livro, da C\u00e2mara Brasileira do Livro.<\/p>\n\n\n\n<p>Tem mais de 30 anos de atua\u00e7\u00e3o no jornalismo, sendo 22 anos s\u00f3 na TV Integra\u00e7\u00e3o, afiliada Rede Globo. Conquistou importantes pr\u00eamios entre eles: Melhores do Ano, pela Associa\u00e7\u00e3o de Imprensa do Tri\u00e2ngulo Mineiro e Alto Parana\u00edba, Pr\u00eamio Nacional Embratel, finalista na categoria cultura, recebeu as medalhas Maria Lourdes Bittencourt de Vasconcellos, da Academia Juvenil de Letras, Dom Jos\u00e9 Gaspar, outorgada pela C\u00e2mara de Vereadores de Arax\u00e1 e Calmon Barreto, do Governo de Minas.&nbsp;<\/p>\n\n\n\n<p><strong>CONHE\u00c7A OUTRAS OBRAS DE LUIZ HUMBERTO FRAN\u00c7A<\/strong><\/p>\n\n\n\n<p>2015 &#8211; Telejornalismo no Interior<\/p>\n\n\n\n<p>&nbsp;&nbsp;&nbsp;&nbsp;&nbsp;&nbsp;&nbsp;&nbsp;&nbsp;&nbsp;&nbsp;&nbsp; Arax\u00e1 150 anos<\/p>\n\n\n\n<p>2017-&nbsp; O Colecionador de Hist\u00f3rias<\/p>\n\n\n\n<p>2019- Arax\u00e1 em Detalhes<\/p>\n\n\n\n<p>2022- A Ca\u00e7ada<\/p>\n\n\n\n<p><strong>SERVI\u00c7O:<\/strong><\/p>\n\n\n\n<p><strong>FLIARAX\u00c1<\/strong><\/p>\n\n\n\n<p><strong>Dia: <\/strong>8 de julho, s\u00e1bado<strong><\/strong><\/p>\n\n\n\n<p><strong>Hor\u00e1rio:<\/strong>&nbsp;13 h<\/p>\n\n\n\n<p><strong>Local:<\/strong>&nbsp;Audit\u00f3rio 2- Estacionamento do Est\u00e1dio Fausto Alvim &nbsp;<\/p>\n","protected":false},"excerpt":{"rendered":"<p>Olhos de Pedra esse \u00e9 nome do novo trabalho. Depois de cinco livros publicados e de navegar por v\u00e1rios estilos<\/p>\n","protected":false},"author":2,"featured_media":5552,"comment_status":"open","ping_status":"open","sticky":false,"template":"","format":"standard","meta":{"footnotes":""},"categories":[9,5,11],"tags":[],"class_list":["post-5551","post","type-post","status-publish","format-standard","has-post-thumbnail","hentry","category-araxa","category-arte-e-cultura","category-destaques"],"_links":{"self":[{"href":"http:\/\/blogdoarmindomaia.com.br\/index.php?rest_route=\/wp\/v2\/posts\/5551","targetHints":{"allow":["GET"]}}],"collection":[{"href":"http:\/\/blogdoarmindomaia.com.br\/index.php?rest_route=\/wp\/v2\/posts"}],"about":[{"href":"http:\/\/blogdoarmindomaia.com.br\/index.php?rest_route=\/wp\/v2\/types\/post"}],"author":[{"embeddable":true,"href":"http:\/\/blogdoarmindomaia.com.br\/index.php?rest_route=\/wp\/v2\/users\/2"}],"replies":[{"embeddable":true,"href":"http:\/\/blogdoarmindomaia.com.br\/index.php?rest_route=%2Fwp%2Fv2%2Fcomments&post=5551"}],"version-history":[{"count":1,"href":"http:\/\/blogdoarmindomaia.com.br\/index.php?rest_route=\/wp\/v2\/posts\/5551\/revisions"}],"predecessor-version":[{"id":5554,"href":"http:\/\/blogdoarmindomaia.com.br\/index.php?rest_route=\/wp\/v2\/posts\/5551\/revisions\/5554"}],"wp:featuredmedia":[{"embeddable":true,"href":"http:\/\/blogdoarmindomaia.com.br\/index.php?rest_route=\/wp\/v2\/media\/5552"}],"wp:attachment":[{"href":"http:\/\/blogdoarmindomaia.com.br\/index.php?rest_route=%2Fwp%2Fv2%2Fmedia&parent=5551"}],"wp:term":[{"taxonomy":"category","embeddable":true,"href":"http:\/\/blogdoarmindomaia.com.br\/index.php?rest_route=%2Fwp%2Fv2%2Fcategories&post=5551"},{"taxonomy":"post_tag","embeddable":true,"href":"http:\/\/blogdoarmindomaia.com.br\/index.php?rest_route=%2Fwp%2Fv2%2Ftags&post=5551"}],"curies":[{"name":"wp","href":"https:\/\/api.w.org\/{rel}","templated":true}]}}