{"id":5555,"date":"2023-06-29T14:32:08","date_gmt":"2023-06-29T17:32:08","guid":{"rendered":"http:\/\/blogdoarmindomaia.com.br\/?p=5555"},"modified":"2023-06-29T14:32:10","modified_gmt":"2023-06-29T17:32:10","slug":"centro-de-atendimento-a-educacao-inclusiva-completa-sete-anos","status":"publish","type":"post","link":"http:\/\/blogdoarmindomaia.com.br\/?p=5555","title":{"rendered":"Centro de Atendimento \u00e0 Educa\u00e7\u00e3o Inclusiva completa sete anos"},"content":{"rendered":"\n<figure class=\"wp-block-image size-full is-style-default\"><img loading=\"lazy\" decoding=\"async\" width=\"1024\" height=\"683\" src=\"http:\/\/blogdoarmindomaia.com.br\/wp-content\/uploads\/2023\/06\/Centro-de-Atendimento-a-Educacao-Inclusiva-completa-sete-anos-pag-07.jpeg\" alt=\"\" class=\"wp-image-5557\" srcset=\"http:\/\/blogdoarmindomaia.com.br\/wp-content\/uploads\/2023\/06\/Centro-de-Atendimento-a-Educacao-Inclusiva-completa-sete-anos-pag-07.jpeg 1024w, http:\/\/blogdoarmindomaia.com.br\/wp-content\/uploads\/2023\/06\/Centro-de-Atendimento-a-Educacao-Inclusiva-completa-sete-anos-pag-07-300x200.jpeg 300w, http:\/\/blogdoarmindomaia.com.br\/wp-content\/uploads\/2023\/06\/Centro-de-Atendimento-a-Educacao-Inclusiva-completa-sete-anos-pag-07-768x512.jpeg 768w\" sizes=\"auto, (max-width: 1024px) 100vw, 1024px\" \/><\/figure>\n\n\n\n<p>Acolhimento, orienta\u00e7\u00e3o e atendimentos especializados. O Centro de Atendimento \u00e0 Educa\u00e7\u00e3o Inclusiva (Caei) cuida e acompanha fam\u00edlias de crian\u00e7as e adolescentes com defici\u00eancias, transtornos, necessidades educativas especiais ou em situa\u00e7\u00e3o de vulnerabilidade. Neste dia 7 de junho de 2023, o trabalho, que \u00e9 refer\u00eancia na regi\u00e3o como modelo de Educa\u00e7\u00e3o Inclusiva, completa sete anos em Arax\u00e1.<\/p>\n\n\n\n<p>O espa\u00e7o oferta atendimento educacional especializado, com recursos pedag\u00f3gicos e de acessibilidade de forma complementar ou suplementar \u00e0 escolariza\u00e7\u00e3o dos alunos que t\u00eam necessidades especiais. S\u00e3o atendidas mensalmente 950 crian\u00e7as e adolescentes, seja no Caei ou nas salas de recursos multifuncionais, que ficam nas escolas municipais onde esses alunos est\u00e3o matriculados.<\/p>\n\n\n\n<p>Na sede do Caei acontecem os atendimentos cl\u00ednicos com psic\u00f3logo, fonoaudi\u00f3logo, terapeuta ocupacional, psicopedag\u00f3gico, fisioterapeuta e psiquiatria infanto-juvenil.<\/p>\n\n\n\n<p>J\u00e1 as escolas da rede municipal h\u00e1 o Atendimento Educacional Especializado (AEE) para crian\u00e7as com Transtorno do Espectro Autista (TEA), Transtorno do D\u00e9ficit de Aten\u00e7\u00e3o com Hiperatividade (TDAH), s\u00edndrome de Down, baixa vis\u00e3o, defici\u00eancia f\u00edsica ou intelectual, que s\u00e3o assistidas por profissionais especializados em Educa\u00e7\u00e3o Inclusiva.<\/p>\n\n\n\n<p>A coordenadora do CAEI, Ana Rita Flores, explica que o espa\u00e7o \u00e9 todo estruturado e organizado para oferecer o atendimento, desde acessibilidade \u00e0s atividades e equipamentos que s\u00e3o diversificados para atender cada aluno, de acordo com sua necessidade. \u201cEsses atendimentos s\u00e3o essenciais tanto para o desenvolvimento cognitivo, quanto para a assist\u00eancia especializada dos alunos. Temos profissionais capacitados para identificar a necessidade de cada crian\u00e7a e iniciar o acompanhamento o quanto antes. Isso possibilita que o aluno que tem essa demanda especial consiga acompanhar os demais colegas no processo de aprendizado\u201d, refor\u00e7a.<\/p>\n\n\n\n<p>De acordo com a secret\u00e1ria Municipal de Educa\u00e7\u00e3o, Zulma Moreira, o trabalho humanizado \u00e9 desenvolvido em todas as \u00e1reas da Gest\u00e3o Municipal, e a inclus\u00e3o \u00e9 uma das prioridades. \u201cArax\u00e1 \u00e9 reconhecida regionalmente como modelo em Educa\u00e7\u00e3o Inclusiva. Queremos que nossas crian\u00e7as e adolescentes tenham um suporte e um atendimento especializado de excel\u00eancia\u201d, destaca.<\/p>\n\n\n\n<p>Michele Franciene Borges de Silva, m\u00e3e da Mariana, que recebe atendimento do Caei, conta sobre os resultados positivos do trabalho ofertado. \u201cO carinho que os profissionais atendem as crian\u00e7as e a forma como eles adaptam os materiais, para que elas se sintam bem, \u00e9 muito bom, muito prazeroso. Eu consigo ver no rosto da minha filha o quanto ela ama e o quanto ela \u00e9 amada por todos. Os profissionais me ajudam muito at\u00e9 hoje, \u00e9 como se fosse uma fam\u00edlia mesmo. Sou muito grata a esse acolhimento\u201d, diz.<\/p>\n","protected":false},"excerpt":{"rendered":"<p>Acolhimento, orienta\u00e7\u00e3o e atendimentos especializados. O Centro de Atendimento \u00e0 Educa\u00e7\u00e3o Inclusiva (Caei) cuida e acompanha fam\u00edlias de crian\u00e7as e<\/p>\n","protected":false},"author":2,"featured_media":5557,"comment_status":"open","ping_status":"open","sticky":false,"template":"","format":"standard","meta":{"footnotes":""},"categories":[9,11,13],"tags":[],"class_list":["post-5555","post","type-post","status-publish","format-standard","has-post-thumbnail","hentry","category-araxa","category-destaques","category-educacao"],"_links":{"self":[{"href":"http:\/\/blogdoarmindomaia.com.br\/index.php?rest_route=\/wp\/v2\/posts\/5555","targetHints":{"allow":["GET"]}}],"collection":[{"href":"http:\/\/blogdoarmindomaia.com.br\/index.php?rest_route=\/wp\/v2\/posts"}],"about":[{"href":"http:\/\/blogdoarmindomaia.com.br\/index.php?rest_route=\/wp\/v2\/types\/post"}],"author":[{"embeddable":true,"href":"http:\/\/blogdoarmindomaia.com.br\/index.php?rest_route=\/wp\/v2\/users\/2"}],"replies":[{"embeddable":true,"href":"http:\/\/blogdoarmindomaia.com.br\/index.php?rest_route=%2Fwp%2Fv2%2Fcomments&post=5555"}],"version-history":[{"count":1,"href":"http:\/\/blogdoarmindomaia.com.br\/index.php?rest_route=\/wp\/v2\/posts\/5555\/revisions"}],"predecessor-version":[{"id":5558,"href":"http:\/\/blogdoarmindomaia.com.br\/index.php?rest_route=\/wp\/v2\/posts\/5555\/revisions\/5558"}],"wp:featuredmedia":[{"embeddable":true,"href":"http:\/\/blogdoarmindomaia.com.br\/index.php?rest_route=\/wp\/v2\/media\/5557"}],"wp:attachment":[{"href":"http:\/\/blogdoarmindomaia.com.br\/index.php?rest_route=%2Fwp%2Fv2%2Fmedia&parent=5555"}],"wp:term":[{"taxonomy":"category","embeddable":true,"href":"http:\/\/blogdoarmindomaia.com.br\/index.php?rest_route=%2Fwp%2Fv2%2Fcategories&post=5555"},{"taxonomy":"post_tag","embeddable":true,"href":"http:\/\/blogdoarmindomaia.com.br\/index.php?rest_route=%2Fwp%2Fv2%2Ftags&post=5555"}],"curies":[{"name":"wp","href":"https:\/\/api.w.org\/{rel}","templated":true}]}}