{"id":5559,"date":"2023-06-29T14:35:48","date_gmt":"2023-06-29T17:35:48","guid":{"rendered":"http:\/\/blogdoarmindomaia.com.br\/?p=5559"},"modified":"2023-06-29T14:35:49","modified_gmt":"2023-06-29T17:35:49","slug":"batalha-de-poesia-e-rima-marca-aniversario-da-biblioteca-viriato-correa","status":"publish","type":"post","link":"http:\/\/blogdoarmindomaia.com.br\/?p=5559","title":{"rendered":"Batalha de Poesia e Rima marca anivers\u00e1rio da Biblioteca Viriato Corr\u00eaa"},"content":{"rendered":"\n<figure class=\"wp-block-image size-full is-style-default\"><img loading=\"lazy\" decoding=\"async\" width=\"1024\" height=\"683\" src=\"http:\/\/blogdoarmindomaia.com.br\/wp-content\/uploads\/2023\/06\/Batalha-de-Poesia-e-Rima-marca-aniversario-da-Biblioteca-Viriato-Correa-pag-04.jpeg\" alt=\"\" class=\"wp-image-5560\" srcset=\"http:\/\/blogdoarmindomaia.com.br\/wp-content\/uploads\/2023\/06\/Batalha-de-Poesia-e-Rima-marca-aniversario-da-Biblioteca-Viriato-Correa-pag-04.jpeg 1024w, http:\/\/blogdoarmindomaia.com.br\/wp-content\/uploads\/2023\/06\/Batalha-de-Poesia-e-Rima-marca-aniversario-da-Biblioteca-Viriato-Correa-pag-04-300x200.jpeg 300w, http:\/\/blogdoarmindomaia.com.br\/wp-content\/uploads\/2023\/06\/Batalha-de-Poesia-e-Rima-marca-aniversario-da-Biblioteca-Viriato-Correa-pag-04-768x512.jpeg 768w\" sizes=\"auto, (max-width: 1024px) 100vw, 1024px\" \/><\/figure>\n\n\n\n<p>A Biblioteca P\u00fablica Municipal Viriato Corr\u00eaa recebeu o 1\u00ba Slam &#8211; Batalhas de Poesias e Rima, em comemora\u00e7\u00e3o aos seus 73 anos de funda\u00e7\u00e3o. O evento contou com a participa\u00e7\u00e3o de alunos da Escola Estadual Coronel Jos\u00e9 Adolfo de Aguiar. \u201cSlam\u201d \u00e9 o nome dado \u00e0s batalhas de poesia e rima e surgiu nos anos de 1980. \u00c9 bastante comum em locais como pra\u00e7as, parques e bibliotecas.<br><\/p>\n","protected":false},"excerpt":{"rendered":"<p>A Biblioteca P\u00fablica Municipal Viriato Corr\u00eaa recebeu o 1\u00ba Slam &#8211; Batalhas de Poesias e Rima, em comemora\u00e7\u00e3o aos seus<\/p>\n","protected":false},"author":2,"featured_media":5560,"comment_status":"open","ping_status":"open","sticky":false,"template":"","format":"standard","meta":{"footnotes":""},"categories":[9,11,13],"tags":[],"class_list":["post-5559","post","type-post","status-publish","format-standard","has-post-thumbnail","hentry","category-araxa","category-destaques","category-educacao"],"_links":{"self":[{"href":"http:\/\/blogdoarmindomaia.com.br\/index.php?rest_route=\/wp\/v2\/posts\/5559","targetHints":{"allow":["GET"]}}],"collection":[{"href":"http:\/\/blogdoarmindomaia.com.br\/index.php?rest_route=\/wp\/v2\/posts"}],"about":[{"href":"http:\/\/blogdoarmindomaia.com.br\/index.php?rest_route=\/wp\/v2\/types\/post"}],"author":[{"embeddable":true,"href":"http:\/\/blogdoarmindomaia.com.br\/index.php?rest_route=\/wp\/v2\/users\/2"}],"replies":[{"embeddable":true,"href":"http:\/\/blogdoarmindomaia.com.br\/index.php?rest_route=%2Fwp%2Fv2%2Fcomments&post=5559"}],"version-history":[{"count":1,"href":"http:\/\/blogdoarmindomaia.com.br\/index.php?rest_route=\/wp\/v2\/posts\/5559\/revisions"}],"predecessor-version":[{"id":5561,"href":"http:\/\/blogdoarmindomaia.com.br\/index.php?rest_route=\/wp\/v2\/posts\/5559\/revisions\/5561"}],"wp:featuredmedia":[{"embeddable":true,"href":"http:\/\/blogdoarmindomaia.com.br\/index.php?rest_route=\/wp\/v2\/media\/5560"}],"wp:attachment":[{"href":"http:\/\/blogdoarmindomaia.com.br\/index.php?rest_route=%2Fwp%2Fv2%2Fmedia&parent=5559"}],"wp:term":[{"taxonomy":"category","embeddable":true,"href":"http:\/\/blogdoarmindomaia.com.br\/index.php?rest_route=%2Fwp%2Fv2%2Fcategories&post=5559"},{"taxonomy":"post_tag","embeddable":true,"href":"http:\/\/blogdoarmindomaia.com.br\/index.php?rest_route=%2Fwp%2Fv2%2Ftags&post=5559"}],"curies":[{"name":"wp","href":"https:\/\/api.w.org\/{rel}","templated":true}]}}