{"id":5566,"date":"2023-06-29T15:10:52","date_gmt":"2023-06-29T18:10:52","guid":{"rendered":"http:\/\/blogdoarmindomaia.com.br\/?p=5566"},"modified":"2023-06-29T15:10:54","modified_gmt":"2023-06-29T18:10:54","slug":"13a-edicao-do-prefeitura-no-bairro-destaca-melhorias-para-o-setor-oeste","status":"publish","type":"post","link":"http:\/\/blogdoarmindomaia.com.br\/?p=5566","title":{"rendered":"13\u00aa edi\u00e7\u00e3o do Prefeitura no Bairro destaca melhorias para o Setor Oeste"},"content":{"rendered":"\n<figure class=\"wp-block-image size-full is-style-default\"><img loading=\"lazy\" decoding=\"async\" width=\"1024\" height=\"683\" src=\"http:\/\/blogdoarmindomaia.com.br\/wp-content\/uploads\/2023\/06\/13a-edicao-do-Prefeitura-no-Bairro-destaca-melhorias-para-o-Setor-Oeste-pag-07.jpeg\" alt=\"\" class=\"wp-image-5568\" srcset=\"http:\/\/blogdoarmindomaia.com.br\/wp-content\/uploads\/2023\/06\/13a-edicao-do-Prefeitura-no-Bairro-destaca-melhorias-para-o-Setor-Oeste-pag-07.jpeg 1024w, http:\/\/blogdoarmindomaia.com.br\/wp-content\/uploads\/2023\/06\/13a-edicao-do-Prefeitura-no-Bairro-destaca-melhorias-para-o-Setor-Oeste-pag-07-300x200.jpeg 300w, http:\/\/blogdoarmindomaia.com.br\/wp-content\/uploads\/2023\/06\/13a-edicao-do-Prefeitura-no-Bairro-destaca-melhorias-para-o-Setor-Oeste-pag-07-768x512.jpeg 768w\" sizes=\"auto, (max-width: 1024px) 100vw, 1024px\" \/><\/figure>\n\n\n\n<p>Mais de 40 servi\u00e7os gratuitos, Campanha Junho Vermelho e entrega de salas modulares foram os destaques durante a 13\u00aa edi\u00e7\u00e3o do projeto Prefeitura no Bairro. O evento foi bastante movimentado durante a manh\u00e3 do \u00faltimo s\u00e1bado (24), no Centro Esportivo e Educacional Pedro Bispo (antigo CSU), no bairro S\u00e3o Domingos.<br><br>A a\u00e7\u00e3o uniu atividades de sa\u00fade, cultura, educa\u00e7\u00e3o, entretenimento, meio ambiente, seguran\u00e7a, esporte, a\u00e7\u00e3o social, entre outros, que tornam mais eficiente as estrat\u00e9gias de atendimento da Gest\u00e3o P\u00fablica.<br><br>A grande novidade foi a apresenta\u00e7\u00e3o de tr\u00eas salas modulares para o Centro Municipal de Educa\u00e7\u00e3o Infantil (Cemei) Maria da D\u00f4res Faria da Fonseca. O objetivo da aquisi\u00e7\u00e3o \u00e9 ampliar vagas a alunos de 4 meses a menores de 5 anos.<br><br>Na oportunidade tamb\u00e9m foram realizadas a\u00e7\u00f5es de conscientiza\u00e7\u00e3o e recrutamento para doadores de sangue referente ao Junho Vermelho. A iniciativa tem como objetivo alertar e estimular a popula\u00e7\u00e3o sobre a import\u00e2ncia da doa\u00e7\u00e3o de sangue e, desse modo, angariar mais doadores volunt\u00e1rios.<br><br>Durante seu pronunciamento, o prefeito Robson reiterou outras melhorias que a administra\u00e7\u00e3o est\u00e1 realizando para o Setor Oeste como a ilumina\u00e7\u00e3o em LED, as reformas do campo do Barret\u00e3o e da Unioeste e recapeamento de diversas vias dos bairros Boa Vista, Leblon, Alvorada, S\u00e3o Geraldo, entre outros.<br><br>O prefeito tamb\u00e9m aproveitou a oportunidade para refor\u00e7ar o compromisso firmado pela gest\u00e3o de aproximar a prefeitura da popula\u00e7\u00e3o.<br><br>\u201cO Prefeitura no Bairro \u00e9 importante para ouvir diretamente a popula\u00e7\u00e3o, as reivindica\u00e7\u00f5es, facilitando o acesso aos servi\u00e7os p\u00fablicos e conseguimos promover projetos priorit\u00e1rios para aquele determinado setor. H\u00e1 anos a popula\u00e7\u00e3o solicita a revitaliza\u00e7\u00e3o do Barret\u00e3o, por exemplo, e em breve entregaremos tudo pronto, e isso \u00e9 uma felicidade muito grande\u201d, refor\u00e7a.<br><br>De acordo com o morador Paulo Roberto Pereira, de 64 anos, o evento \u00e9 fundamental para a popula\u00e7\u00e3o. \u201cEu acho muito bom, pois traz mais de 40 servi\u00e7os gratuitos e \u00e9 importante tamb\u00e9m que as pessoas participem mais, reivindiquem mais os seus direitos, pois essa \u00e9 uma oportunidade \u00fanica, onde o prefeito e toda estrutura administrativa est\u00e3o presentes\u201d, destaca.<\/p>\n","protected":false},"excerpt":{"rendered":"<p>Mais de 40 servi\u00e7os gratuitos, Campanha Junho Vermelho e entrega de salas modulares foram os destaques durante a 13\u00aa edi\u00e7\u00e3o<\/p>\n","protected":false},"author":2,"featured_media":5568,"comment_status":"open","ping_status":"open","sticky":false,"template":"","format":"standard","meta":{"footnotes":""},"categories":[9,11],"tags":[],"class_list":["post-5566","post","type-post","status-publish","format-standard","has-post-thumbnail","hentry","category-araxa","category-destaques"],"_links":{"self":[{"href":"http:\/\/blogdoarmindomaia.com.br\/index.php?rest_route=\/wp\/v2\/posts\/5566","targetHints":{"allow":["GET"]}}],"collection":[{"href":"http:\/\/blogdoarmindomaia.com.br\/index.php?rest_route=\/wp\/v2\/posts"}],"about":[{"href":"http:\/\/blogdoarmindomaia.com.br\/index.php?rest_route=\/wp\/v2\/types\/post"}],"author":[{"embeddable":true,"href":"http:\/\/blogdoarmindomaia.com.br\/index.php?rest_route=\/wp\/v2\/users\/2"}],"replies":[{"embeddable":true,"href":"http:\/\/blogdoarmindomaia.com.br\/index.php?rest_route=%2Fwp%2Fv2%2Fcomments&post=5566"}],"version-history":[{"count":1,"href":"http:\/\/blogdoarmindomaia.com.br\/index.php?rest_route=\/wp\/v2\/posts\/5566\/revisions"}],"predecessor-version":[{"id":5569,"href":"http:\/\/blogdoarmindomaia.com.br\/index.php?rest_route=\/wp\/v2\/posts\/5566\/revisions\/5569"}],"wp:featuredmedia":[{"embeddable":true,"href":"http:\/\/blogdoarmindomaia.com.br\/index.php?rest_route=\/wp\/v2\/media\/5568"}],"wp:attachment":[{"href":"http:\/\/blogdoarmindomaia.com.br\/index.php?rest_route=%2Fwp%2Fv2%2Fmedia&parent=5566"}],"wp:term":[{"taxonomy":"category","embeddable":true,"href":"http:\/\/blogdoarmindomaia.com.br\/index.php?rest_route=%2Fwp%2Fv2%2Fcategories&post=5566"},{"taxonomy":"post_tag","embeddable":true,"href":"http:\/\/blogdoarmindomaia.com.br\/index.php?rest_route=%2Fwp%2Fv2%2Ftags&post=5566"}],"curies":[{"name":"wp","href":"https:\/\/api.w.org\/{rel}","templated":true}]}}