{"id":5576,"date":"2023-07-04T10:55:41","date_gmt":"2023-07-04T13:55:41","guid":{"rendered":"http:\/\/blogdoarmindomaia.com.br\/?p=5576"},"modified":"2023-07-04T10:55:43","modified_gmt":"2023-07-04T13:55:43","slug":"arraia-julino-do-csd-dois-dias-de-festa-tradicao-cultura-e-solidariedade","status":"publish","type":"post","link":"http:\/\/blogdoarmindomaia.com.br\/?p=5576","title":{"rendered":"Arrai\u00e1 Julino do CSD: dois dias de festa, tradi\u00e7\u00e3o, cultura e solidariedade"},"content":{"rendered":"\n<figure class=\"wp-block-image size-large is-style-default\"><img loading=\"lazy\" decoding=\"async\" width=\"853\" height=\"1024\" src=\"http:\/\/blogdoarmindomaia.com.br\/wp-content\/uploads\/2023\/07\/arraial-853x1024.jpeg\" alt=\"\" class=\"wp-image-5577\" srcset=\"http:\/\/blogdoarmindomaia.com.br\/wp-content\/uploads\/2023\/07\/arraial-853x1024.jpeg 853w, http:\/\/blogdoarmindomaia.com.br\/wp-content\/uploads\/2023\/07\/arraial-250x300.jpeg 250w, http:\/\/blogdoarmindomaia.com.br\/wp-content\/uploads\/2023\/07\/arraial-768x922.jpeg 768w, http:\/\/blogdoarmindomaia.com.br\/wp-content\/uploads\/2023\/07\/arraial.jpeg 1066w\" sizes=\"auto, (max-width: 853px) 100vw, 853px\" \/><\/figure>\n\n\n\n<p><em>O evento contar\u00e1 com apresenta\u00e7\u00f5es art\u00edsticas e culturais<\/em><\/p>\n\n\n\n<p>Ap\u00f3s tr\u00eas anos, a t\u00e3o aguardada festa julina do Col\u00e9gio S\u00e3o Domingos est\u00e1 de volta!<\/p>\n\n\n\n<p>Com uma programa\u00e7\u00e3o diversificada, o Arrai\u00e1 Julino CSD encantar\u00e1 os participantes nos dias 7 e 8 de julho. Atividades que visam \u00e0 valoriza\u00e7\u00e3o cultural das festas juninas, com a participa\u00e7\u00e3o da dupla Lippe e Fernando na sexta (7), apresenta\u00e7\u00e3o do grupo de dan\u00e7a Matutos do Sert\u00e3o, de Uberl\u00e2ndia, no s\u00e1bado (8), que promete contagiar o p\u00fablico com suas coreografias animadas e figurinos t\u00edpicos. A participa\u00e7\u00e3o dos estudantes CSD, nos dois dias, tornar\u00e1 o show ainda mais bonito.<\/p>\n\n\n\n<p>Outra novidade\u2026Pra\u00e7a de Alimenta\u00e7\u00e3o Solid\u00e1ria, sob a Coordena\u00e7\u00e3o de duas institui\u00e7\u00f5es sociais de Arax\u00e1: Ampara e SOS. Volunt\u00e1rios da Cozinha Araxaense est\u00e3o se preparando para atender o p\u00fablico do Arrai\u00e1 CSD.<\/p>\n\n\n\n<p>Estudantes e familiares, aguardem esta festa que ser\u00e1 boa demais da conta!<\/p>\n","protected":false},"excerpt":{"rendered":"<p>O evento contar\u00e1 com apresenta\u00e7\u00f5es art\u00edsticas e culturais Ap\u00f3s tr\u00eas anos, a t\u00e3o aguardada festa julina do Col\u00e9gio S\u00e3o Domingos<\/p>\n","protected":false},"author":2,"featured_media":5577,"comment_status":"open","ping_status":"open","sticky":false,"template":"","format":"standard","meta":{"footnotes":""},"categories":[9,5,11],"tags":[],"class_list":["post-5576","post","type-post","status-publish","format-standard","has-post-thumbnail","hentry","category-araxa","category-arte-e-cultura","category-destaques"],"_links":{"self":[{"href":"http:\/\/blogdoarmindomaia.com.br\/index.php?rest_route=\/wp\/v2\/posts\/5576","targetHints":{"allow":["GET"]}}],"collection":[{"href":"http:\/\/blogdoarmindomaia.com.br\/index.php?rest_route=\/wp\/v2\/posts"}],"about":[{"href":"http:\/\/blogdoarmindomaia.com.br\/index.php?rest_route=\/wp\/v2\/types\/post"}],"author":[{"embeddable":true,"href":"http:\/\/blogdoarmindomaia.com.br\/index.php?rest_route=\/wp\/v2\/users\/2"}],"replies":[{"embeddable":true,"href":"http:\/\/blogdoarmindomaia.com.br\/index.php?rest_route=%2Fwp%2Fv2%2Fcomments&post=5576"}],"version-history":[{"count":1,"href":"http:\/\/blogdoarmindomaia.com.br\/index.php?rest_route=\/wp\/v2\/posts\/5576\/revisions"}],"predecessor-version":[{"id":5578,"href":"http:\/\/blogdoarmindomaia.com.br\/index.php?rest_route=\/wp\/v2\/posts\/5576\/revisions\/5578"}],"wp:featuredmedia":[{"embeddable":true,"href":"http:\/\/blogdoarmindomaia.com.br\/index.php?rest_route=\/wp\/v2\/media\/5577"}],"wp:attachment":[{"href":"http:\/\/blogdoarmindomaia.com.br\/index.php?rest_route=%2Fwp%2Fv2%2Fmedia&parent=5576"}],"wp:term":[{"taxonomy":"category","embeddable":true,"href":"http:\/\/blogdoarmindomaia.com.br\/index.php?rest_route=%2Fwp%2Fv2%2Fcategories&post=5576"},{"taxonomy":"post_tag","embeddable":true,"href":"http:\/\/blogdoarmindomaia.com.br\/index.php?rest_route=%2Fwp%2Fv2%2Ftags&post=5576"}],"curies":[{"name":"wp","href":"https:\/\/api.w.org\/{rel}","templated":true}]}}