{"id":5592,"date":"2023-07-06T16:31:59","date_gmt":"2023-07-06T19:31:59","guid":{"rendered":"http:\/\/blogdoarmindomaia.com.br\/?p=5592"},"modified":"2023-07-06T16:32:03","modified_gmt":"2023-07-06T19:32:03","slug":"reforma-de-escolas-garante-melhorias-para-milhares-de-alunos-apos-fiscalizacao-do-vereador-raphael-rios","status":"publish","type":"post","link":"http:\/\/blogdoarmindomaia.com.br\/?p=5592","title":{"rendered":"Reforma de escolas garante melhorias para milhares de alunos ap\u00f3s fiscaliza\u00e7\u00e3o do vereador Raphael Rios"},"content":{"rendered":"\n<figure class=\"wp-block-image size-large is-style-default\"><img loading=\"lazy\" decoding=\"async\" width=\"1024\" height=\"576\" src=\"http:\/\/blogdoarmindomaia.com.br\/wp-content\/uploads\/2023\/07\/CAIC-5-1024x576.jpeg\" alt=\"\" class=\"wp-image-5593\" srcset=\"http:\/\/blogdoarmindomaia.com.br\/wp-content\/uploads\/2023\/07\/CAIC-5-1024x576.jpeg 1024w, http:\/\/blogdoarmindomaia.com.br\/wp-content\/uploads\/2023\/07\/CAIC-5-300x169.jpeg 300w, http:\/\/blogdoarmindomaia.com.br\/wp-content\/uploads\/2023\/07\/CAIC-5-768x432.jpeg 768w, http:\/\/blogdoarmindomaia.com.br\/wp-content\/uploads\/2023\/07\/CAIC-5-1536x864.jpeg 1536w, http:\/\/blogdoarmindomaia.com.br\/wp-content\/uploads\/2023\/07\/CAIC-5.jpeg 1600w\" sizes=\"auto, (max-width: 1024px) 100vw, 1024px\" \/><\/figure>\n\n\n\n<p>Reformar a estrutura f\u00edsica das escolas vai al\u00e9m da oferta de um espa\u00e7o seguro e adequado para alunos e servidores. \u00c9 assegurar que o direito \u00e0 educa\u00e7\u00e3o est\u00e1 sendo cumprido, atendendo toda a comunidade escolar com os melhores recursos f\u00edsicos e pedag\u00f3gicos. Um trabalho iniciado em 2017 pelo vereador Raphael Rios j\u00e1 beneficia com resultados mais de 3.200 estudantes e 720 servidores, s\u00f3 com melhorias feitas nesta gest\u00e3o.<\/p>\n\n\n\n<p>Nesta semana, o vereador esteve na escola Leonilda Montandon, o Caic. A reforma da unidade ser\u00e1 conclu\u00edda em outubro. Entre as principais melhorias est\u00e3o a nova estrutura do gin\u00e1sio, a rampa que garantiu a acessibilidade, o muro em todo o entorno e novas instala\u00e7\u00f5es da cozinha.<\/p>\n\n\n\n<p>Quando fiscalizou todas as escolas no seu primeiro ano de mandato, na legislatura anterior, Raphael conheceu de perto a realidade das 38 unidades municipais de ensino. \u00c0 \u00e9poca, entregou ao prefeito Aracely de Paula as demandas, junto de um relat\u00f3rio fotogr\u00e1fico e informativo, que constava todos os dados do trabalho realizado ao longo de, aproximadamente, dez meses.<\/p>\n\n\n\n<p>Com o relat\u00f3rio em m\u00e3os, a gest\u00e3o anterior reformou tr\u00eas unidades de ensino: CEMEI Magdalena Lemos, E.M. Professora Auxiliadora Paiva e E.M. Aziz J. Chaer, que desde ent\u00e3o contam apenas com o trabalho de manuten\u00e7\u00e3o.<\/p>\n\n\n\n<p>Desde que assumiu a Secretaria Municipal de Educa\u00e7\u00e3o, Zulma Moreira tomou ci\u00eancia do relat\u00f3rio e identificou, em um primeiro momento, que entre 24 Unidades de Educa\u00e7\u00e3o Infantil existentes em 2021, nove necessitavam de uma reforma geral. Das 16 escolas de Ensino Fundamental, sete precisavam ser reformadas.<\/p>\n\n\n\n<p>Atualmente, 10 escolas municipais j\u00e1 foram reformadas e receberam melhorias significativas: E.M. Eunice Weaver, E. M. Jos\u00e9 Bento, Ant\u00f4nio Augusto de Paiva, E.M. Professora Leonilda&nbsp; Montandon (em andamento), E.M. Dona Gabriela, E.M. Francisco&nbsp; Primo de Melo , E.M. Alice Moura, E.M. Manuela Lemos, CEMEI Sarah Valle Abrah\u00e3o, CEMEI Armindo Barbosa \u2013 reforma geral ainda em andamento.<\/p>\n\n\n\n<p>Os Cemeis tamb\u00e9m ser\u00e3o contemplados, inicialmente tr\u00eas est\u00e3o em fase de&nbsp; licita\u00e7\u00e3o para in\u00edcio das obras: CEMEI Bal\u00e3o M\u00e1gico (reforma geral), CEMEI Dona Delica Pereira Vale (repara\u00e7\u00e3o no telhado), EMEI Dom Pixote (repara\u00e7\u00e3o no forro).<\/p>\n\n\n\n<p>As escolas, EMEI Lucas Teixeira, CEMEI de F\u00e1tima, Escola Municipal Professor Nelson Gomes, Escola Municipal Dona Gabriela est\u00e3o inclu\u00eddas no trabalho de reformada at\u00e9 o final da atual gest\u00e3o.<\/p>\n\n\n\n<p>Raphael destaca a import\u00e2ncia desse trabalho, tanto para alunos e servidores, quanto para os pais e cuidadores das crian\u00e7as e adolescentes. \u201cTodos buscam um lugar seguro e agrad\u00e1vel e os pequenos reparos j\u00e1 n\u00e3o resolviam mais os problemas. Precisamos come\u00e7ar a agir e pensar a m\u00e9dio e longo prazo, com iniciativas que resolvam os problemas de verdade.\u201d<\/p>\n","protected":false},"excerpt":{"rendered":"<p>Reformar a estrutura f\u00edsica das escolas vai al\u00e9m da oferta de um espa\u00e7o seguro e adequado para alunos e servidores.<\/p>\n","protected":false},"author":2,"featured_media":5593,"comment_status":"open","ping_status":"open","sticky":false,"template":"","format":"standard","meta":{"footnotes":""},"categories":[9,11,13],"tags":[],"class_list":["post-5592","post","type-post","status-publish","format-standard","has-post-thumbnail","hentry","category-araxa","category-destaques","category-educacao"],"_links":{"self":[{"href":"http:\/\/blogdoarmindomaia.com.br\/index.php?rest_route=\/wp\/v2\/posts\/5592","targetHints":{"allow":["GET"]}}],"collection":[{"href":"http:\/\/blogdoarmindomaia.com.br\/index.php?rest_route=\/wp\/v2\/posts"}],"about":[{"href":"http:\/\/blogdoarmindomaia.com.br\/index.php?rest_route=\/wp\/v2\/types\/post"}],"author":[{"embeddable":true,"href":"http:\/\/blogdoarmindomaia.com.br\/index.php?rest_route=\/wp\/v2\/users\/2"}],"replies":[{"embeddable":true,"href":"http:\/\/blogdoarmindomaia.com.br\/index.php?rest_route=%2Fwp%2Fv2%2Fcomments&post=5592"}],"version-history":[{"count":1,"href":"http:\/\/blogdoarmindomaia.com.br\/index.php?rest_route=\/wp\/v2\/posts\/5592\/revisions"}],"predecessor-version":[{"id":5594,"href":"http:\/\/blogdoarmindomaia.com.br\/index.php?rest_route=\/wp\/v2\/posts\/5592\/revisions\/5594"}],"wp:featuredmedia":[{"embeddable":true,"href":"http:\/\/blogdoarmindomaia.com.br\/index.php?rest_route=\/wp\/v2\/media\/5593"}],"wp:attachment":[{"href":"http:\/\/blogdoarmindomaia.com.br\/index.php?rest_route=%2Fwp%2Fv2%2Fmedia&parent=5592"}],"wp:term":[{"taxonomy":"category","embeddable":true,"href":"http:\/\/blogdoarmindomaia.com.br\/index.php?rest_route=%2Fwp%2Fv2%2Fcategories&post=5592"},{"taxonomy":"post_tag","embeddable":true,"href":"http:\/\/blogdoarmindomaia.com.br\/index.php?rest_route=%2Fwp%2Fv2%2Ftags&post=5592"}],"curies":[{"name":"wp","href":"https:\/\/api.w.org\/{rel}","templated":true}]}}