{"id":5596,"date":"2023-07-06T16:36:56","date_gmt":"2023-07-06T19:36:56","guid":{"rendered":"http:\/\/blogdoarmindomaia.com.br\/?p=5596"},"modified":"2023-07-06T16:36:58","modified_gmt":"2023-07-06T19:36:58","slug":"cbmm-e-comipa-realizam-evento-do-programa-de-educacao-ambiental-na-boca-da-mata","status":"publish","type":"post","link":"http:\/\/blogdoarmindomaia.com.br\/?p=5596","title":{"rendered":"CBMM e Comipa realizam evento do Programa de Educa\u00e7\u00e3o Ambiental na Boca da Mata"},"content":{"rendered":"\n<figure class=\"wp-block-image size-full is-style-default\"><img loading=\"lazy\" decoding=\"async\" width=\"1024\" height=\"683\" src=\"http:\/\/blogdoarmindomaia.com.br\/wp-content\/uploads\/2023\/07\/Programa-Educacao-Ambiental-12.jpeg\" alt=\"\" class=\"wp-image-5597\" srcset=\"http:\/\/blogdoarmindomaia.com.br\/wp-content\/uploads\/2023\/07\/Programa-Educacao-Ambiental-12.jpeg 1024w, http:\/\/blogdoarmindomaia.com.br\/wp-content\/uploads\/2023\/07\/Programa-Educacao-Ambiental-12-300x200.jpeg 300w, http:\/\/blogdoarmindomaia.com.br\/wp-content\/uploads\/2023\/07\/Programa-Educacao-Ambiental-12-768x512.jpeg 768w\" sizes=\"auto, (max-width: 1024px) 100vw, 1024px\" \/><\/figure>\n\n\n\n<figure class=\"wp-block-image size-full is-style-default\"><img loading=\"lazy\" decoding=\"async\" width=\"1024\" height=\"683\" src=\"http:\/\/blogdoarmindomaia.com.br\/wp-content\/uploads\/2023\/07\/CBMM-e-Comipa-realizam-evento-no-Programa-de-Educacao-Ambiental-na-Boca-da-Mata-pag-12.jpeg\" alt=\"\" class=\"wp-image-5598\" srcset=\"http:\/\/blogdoarmindomaia.com.br\/wp-content\/uploads\/2023\/07\/CBMM-e-Comipa-realizam-evento-no-Programa-de-Educacao-Ambiental-na-Boca-da-Mata-pag-12.jpeg 1024w, http:\/\/blogdoarmindomaia.com.br\/wp-content\/uploads\/2023\/07\/CBMM-e-Comipa-realizam-evento-no-Programa-de-Educacao-Ambiental-na-Boca-da-Mata-pag-12-300x200.jpeg 300w, http:\/\/blogdoarmindomaia.com.br\/wp-content\/uploads\/2023\/07\/CBMM-e-Comipa-realizam-evento-no-Programa-de-Educacao-Ambiental-na-Boca-da-Mata-pag-12-768x512.jpeg 768w\" sizes=\"auto, (max-width: 1024px) 100vw, 1024px\" \/><\/figure>\n\n\n\n<figure class=\"wp-block-image size-full is-style-default\"><img loading=\"lazy\" decoding=\"async\" width=\"1024\" height=\"683\" src=\"http:\/\/blogdoarmindomaia.com.br\/wp-content\/uploads\/2023\/07\/Programa-Educacao-Ambiental-5.jpeg\" alt=\"\" class=\"wp-image-5599\" srcset=\"http:\/\/blogdoarmindomaia.com.br\/wp-content\/uploads\/2023\/07\/Programa-Educacao-Ambiental-5.jpeg 1024w, http:\/\/blogdoarmindomaia.com.br\/wp-content\/uploads\/2023\/07\/Programa-Educacao-Ambiental-5-300x200.jpeg 300w, http:\/\/blogdoarmindomaia.com.br\/wp-content\/uploads\/2023\/07\/Programa-Educacao-Ambiental-5-768x512.jpeg 768w\" sizes=\"auto, (max-width: 1024px) 100vw, 1024px\" \/><\/figure>\n\n\n\n<p>A CBMM e a Companhia Mineradora do Pirocloro de Arax\u00e1 (Comipa) realizaram, na na \u00faltima ter\u00e7a-feira (04\/07), uma tarde de atividades na Comunidade Boca da Mata. O evento marcou a culmin\u00e2ncia de a\u00e7\u00f5es do Programa de Educa\u00e7\u00e3o Ambiental (PEA) da opera\u00e7\u00e3o do Complexo Min\u00e9rio Industrial, realizadas no primeiro semestre deste ano.<\/p>\n\n\n\n<p>Uma das atividades foi a Feira de Trocas, na qual os participantes puderam disponibilizar objetos que n\u00e3o usavam mais, dando-lhes \u201cuma nova vida\u201d. Os estudantes da Escola Municipal Jos\u00e9 Bento e do Projeto de Integra\u00e7\u00e3o AABB-Comunidade participaram da Feira trocando brinquedos que produziram em uma Oficina sobre materiais recicl\u00e1veis, realizada pelo Programa de Educa\u00e7\u00e3o Ambiental. Os interessados levaram brinquedos, livros, vasos de plantas, dentre outros objetos para a troca.<\/p>\n\n\n\n<p>Simultaneamente, aconteceram mostras de experi\u00eancias de reaproveitamento e reciclagem de res\u00edduos s\u00f3lidos, plantio de mudas, apresenta\u00e7\u00f5es musicais, oficinas de reciclagem e de cer\u00e2mica, al\u00e9m das exposi\u00e7\u00f5es \u201cFlora e fauna do Cerrado\u201d e de arqueol\u00f3gica.<\/p>\n\n\n\n<p>\u201cEssas atividades somente foram poss\u00edveis com as in\u00fameras parcerias firmadas. Por isso, teremos a presen\u00e7a dos nossos parceiros, mostrando como eles atuam de forma sustent\u00e1vel no dia a dia da comunidade de Arax\u00e1 e na \u00c1rea de Abrang\u00eancia da Educa\u00e7\u00e3o Ambiental&#8221;, explica o consultor ambiental Ant\u00f4nio Geraldo Alves, mais conhecido como Ger\u00ea.<\/p>\n\n\n\n<p><strong>O Programa de Educa\u00e7\u00e3o Ambiental como meio de transforma\u00e7\u00e3o<\/strong><\/p>\n\n\n\n<p>O Programa de Educa\u00e7\u00e3o Ambiental (PEA) da opera\u00e7\u00e3o do Complexo M\u00ednero Industrial vem desenvolvendo atividades junto aos grupos sociais da sua \u00e1rea de abrang\u00eancia, inclusive com a Comunidade Boca da Mata, com o objetivo de estimular a redu\u00e7\u00e3o na gera\u00e7\u00e3o de res\u00edduos s\u00f3lidos e o reaproveitamento de bens materiais.<\/p>\n\n\n\n<p>Para isso, colaboradores da CBMM e Comipa desenvolveram a\u00e7\u00f5es espec\u00edficas para os grupos sociais da \u00c1rea de Abrang\u00eancia de Educa\u00e7\u00e3o Ambiental (ABEA), que compreende os estabelecimentos rurais do entorno, a comunidade Boca da Mata e o Complexo Hidrotermal e Hoteleiro do Barreiro.<\/p>\n\n\n\n<p>Neste primeiro semestre, foram elaboradas e executadas a Campanha Educativa sobre res\u00edduos s\u00f3lidos que, por meio de palestras e oficinas, conscientizaram a popula\u00e7\u00e3o local sobre os princ\u00edpios dos 3R \u2013 Reduzir, Reaproveitar e Reciclar; Visita Guiada \u00e0s unidades de Gerenciamento de Res\u00edduos S\u00f3lidos no munic\u00edpio de Arax\u00e1; al\u00e9m da implanta\u00e7\u00e3o do projeto \u201cApoio ao Cultivo de Plantas na Comunidade Boca da Mata\u201d, por meio do qual os moradores compartilham experi\u00eancias, conhecimentos e desafios relacionados ao cultivo de plantas.<\/p>\n\n\n\n<p>\u201cTemos muito a agradecer \u00e0 comunidade e aos trabalhadores do Complexo, que atuaram ativamente, proporcionando a troca m\u00fatua de conhecimento. Nosso objetivo foi realizado, mas o trabalho n\u00e3o termina por aqui. Continuaremos com o projeto, na busca de ampliar a consci\u00eancia e a responsabilidade em rela\u00e7\u00e3o aos valores e recursos socioambientais da nossa regi\u00e3o\u201d, afirmou o membro do time de Educa\u00e7\u00e3o Ambiental da CBMM, Alo\u00edsio Leandro da Silva.<\/p>\n","protected":false},"excerpt":{"rendered":"<p>A CBMM e a Companhia Mineradora do Pirocloro de Arax\u00e1 (Comipa) realizaram, na na \u00faltima ter\u00e7a-feira (04\/07), uma tarde de<\/p>\n","protected":false},"author":2,"featured_media":5598,"comment_status":"open","ping_status":"open","sticky":false,"template":"","format":"standard","meta":{"footnotes":""},"categories":[9,11,19],"tags":[],"class_list":["post-5596","post","type-post","status-publish","format-standard","has-post-thumbnail","hentry","category-araxa","category-destaques","category-meio-ambiente"],"_links":{"self":[{"href":"http:\/\/blogdoarmindomaia.com.br\/index.php?rest_route=\/wp\/v2\/posts\/5596","targetHints":{"allow":["GET"]}}],"collection":[{"href":"http:\/\/blogdoarmindomaia.com.br\/index.php?rest_route=\/wp\/v2\/posts"}],"about":[{"href":"http:\/\/blogdoarmindomaia.com.br\/index.php?rest_route=\/wp\/v2\/types\/post"}],"author":[{"embeddable":true,"href":"http:\/\/blogdoarmindomaia.com.br\/index.php?rest_route=\/wp\/v2\/users\/2"}],"replies":[{"embeddable":true,"href":"http:\/\/blogdoarmindomaia.com.br\/index.php?rest_route=%2Fwp%2Fv2%2Fcomments&post=5596"}],"version-history":[{"count":1,"href":"http:\/\/blogdoarmindomaia.com.br\/index.php?rest_route=\/wp\/v2\/posts\/5596\/revisions"}],"predecessor-version":[{"id":5600,"href":"http:\/\/blogdoarmindomaia.com.br\/index.php?rest_route=\/wp\/v2\/posts\/5596\/revisions\/5600"}],"wp:featuredmedia":[{"embeddable":true,"href":"http:\/\/blogdoarmindomaia.com.br\/index.php?rest_route=\/wp\/v2\/media\/5598"}],"wp:attachment":[{"href":"http:\/\/blogdoarmindomaia.com.br\/index.php?rest_route=%2Fwp%2Fv2%2Fmedia&parent=5596"}],"wp:term":[{"taxonomy":"category","embeddable":true,"href":"http:\/\/blogdoarmindomaia.com.br\/index.php?rest_route=%2Fwp%2Fv2%2Fcategories&post=5596"},{"taxonomy":"post_tag","embeddable":true,"href":"http:\/\/blogdoarmindomaia.com.br\/index.php?rest_route=%2Fwp%2Fv2%2Ftags&post=5596"}],"curies":[{"name":"wp","href":"https:\/\/api.w.org\/{rel}","templated":true}]}}