{"id":5616,"date":"2023-07-07T14:01:13","date_gmt":"2023-07-07T17:01:13","guid":{"rendered":"http:\/\/blogdoarmindomaia.com.br\/?p=5616"},"modified":"2023-07-07T14:01:16","modified_gmt":"2023-07-07T17:01:16","slug":"comecou-a-11a-edicao-do-fliaraxa-evento-literario-vai-ate-domingo","status":"publish","type":"post","link":"http:\/\/blogdoarmindomaia.com.br\/?p=5616","title":{"rendered":"Come\u00e7ou a 11\u00aa edi\u00e7\u00e3o do Fliarax\u00e1: evento liter\u00e1rio vai at\u00e9 domingo"},"content":{"rendered":"\n<figure class=\"wp-block-image size-full is-style-default\"><img loading=\"lazy\" decoding=\"async\" width=\"1024\" height=\"683\" src=\"http:\/\/blogdoarmindomaia.com.br\/wp-content\/uploads\/2023\/07\/Comecou-a-11a-edicao-do-Fliaraxa-pag-06.jpg\" alt=\"\" class=\"wp-image-5617\" srcset=\"http:\/\/blogdoarmindomaia.com.br\/wp-content\/uploads\/2023\/07\/Comecou-a-11a-edicao-do-Fliaraxa-pag-06.jpg 1024w, http:\/\/blogdoarmindomaia.com.br\/wp-content\/uploads\/2023\/07\/Comecou-a-11a-edicao-do-Fliaraxa-pag-06-300x200.jpg 300w, http:\/\/blogdoarmindomaia.com.br\/wp-content\/uploads\/2023\/07\/Comecou-a-11a-edicao-do-Fliaraxa-pag-06-768x512.jpg 768w\" sizes=\"auto, (max-width: 1024px) 100vw, 1024px\" \/><\/figure>\n\n\n\n<figure class=\"wp-block-image size-large is-style-default\"><img loading=\"lazy\" decoding=\"async\" width=\"1024\" height=\"683\" src=\"http:\/\/blogdoarmindomaia.com.br\/wp-content\/uploads\/2023\/07\/Comecou-a-11a-edicao-do-Fliaraxa-pag-06-1-1024x683.jpg\" alt=\"\" class=\"wp-image-5618\" srcset=\"http:\/\/blogdoarmindomaia.com.br\/wp-content\/uploads\/2023\/07\/Comecou-a-11a-edicao-do-Fliaraxa-pag-06-1-1024x683.jpg 1024w, http:\/\/blogdoarmindomaia.com.br\/wp-content\/uploads\/2023\/07\/Comecou-a-11a-edicao-do-Fliaraxa-pag-06-1-300x200.jpg 300w, http:\/\/blogdoarmindomaia.com.br\/wp-content\/uploads\/2023\/07\/Comecou-a-11a-edicao-do-Fliaraxa-pag-06-1-768x512.jpg 768w, http:\/\/blogdoarmindomaia.com.br\/wp-content\/uploads\/2023\/07\/Comecou-a-11a-edicao-do-Fliaraxa-pag-06-1.jpg 1224w\" sizes=\"auto, (max-width: 1024px) 100vw, 1024px\" \/><\/figure>\n\n\n\n<p>Desde a \u00faltima quarta-feira, dia 5 de julho, a cidade de Arax\u00e1 est\u00e1 recebendo escritores de todo o pa\u00eds para participar de debates e lan\u00e7amentos de livros abertos ao p\u00fablico. \u00c9 o 11.\u00ba Festival Liter\u00e1rio de Arax\u00e1 (Fliarax\u00e1), que tem como tema \u201cEduca\u00e7\u00e3o, Literatura e Patrim\u00f4nio\u201d. O evento que vai at\u00e9 domingo, dia 9 de julho, &nbsp;teve a sua abertura oficial na quarta, \u00e0s 18h, com corte de fita, seguida de uma conversa entre Afonso Borges, jornalista que criou o festival; Danilo Miranda, diretor do Sesc S\u00e3o Paulo; e os escritores e curadores S\u00e9rgio Abranches e Tom Farias. O 11\u00ba Fliarax\u00e1 acontece de forma presencial, no p\u00e1tio externo do Est\u00e1dio Municipal Fausto Alvim, e tamb\u00e9m digitalmente, atrav\u00e9s das redes sociais e Youtube.<\/p>\n\n\n\n<p>S\u00e3o esperados estudantes de escolas de Arax\u00e1, que se programaram para estar presente nas atividades, que tamb\u00e9m s\u00e3o abertas ao p\u00fablico.&nbsp; Na Programa\u00e7\u00e3o Nacional e Internacional, o destaque vai para a mesa \u201cMuros Invis\u00edveis\u201d, que contar\u00e1 com roda de conversa, apresenta\u00e7\u00e3o musical, dan\u00e7a e outros, com a presen\u00e7a de Marisa Rufino, Carlos Vin\u00edcius Santos, Gabriel Andrade de Paula, Matheus Black, Flavio Victor e media\u00e7\u00e3o de Eug\u00eanio S\u00e1vio.&nbsp;<\/p>\n\n\n\n<p>O 11\u00ba Fliarax\u00e1 tem como Autoras Homenageadas Eliana Alves Cruz e L\u00edria Porto, que participam de mesas na programa\u00e7\u00e3o e como Patrono M\u00e1rio de Andrade, em celebra\u00e7\u00e3o aos seus 130 anos de nascimento. Alguns dos principais nomes da literatura brasileira e internacional estar\u00e3o presentes no evento, que contar\u00e1 com atra\u00e7\u00f5es infantis, juvenis, Pr\u00eamio de Reda\u00e7\u00e3o, lan\u00e7amentos de livros, shows e uma feira gastron\u00f4mica. A estrutura conta com tr\u00eas audit\u00f3rios, livraria, \u00e1rea de leitura e lazer, num espa\u00e7o de mais de 2 mil metros quadrados.<\/p>\n\n\n\n<p><strong>Confira, a seguir, a programa\u00e7\u00e3o completa do 11\u00ba Fliarax\u00e1 no dia 5 de julho:&nbsp;<\/strong><\/p>\n\n\n\n<p><strong>PROGRAMA\u00c7\u00c3O PRESENCIAL:<\/strong><\/p>\n\n\n\n<p><strong>Programa\u00e7\u00e3o infantojuvenil:<\/strong><\/p>\n\n\n\n<p>8h30 \u2013 Sarau com o grupo \u201cDeu na Telha e convidados\u201d (Audit\u00f3rio 2)<\/p>\n\n\n\n<p>9h30 \u2013 Tino Freitas \u2013 \u201cPalavra tamb\u00e9m \u00e9 brinquedo\u201d (Audit\u00f3rio 2)<\/p>\n\n\n\n<p>9h30 \u2013 \u201cJogos teatrais: cria\u00e7\u00e3o e brincadeiras\u201d \u2013 Cl\u00e1udia Miranda, Narlo Santos e Poliana Diniz. (Audit\u00f3rio 3)<\/p>\n\n\n\n<p>10h30 \u2013 \u201cEra uma vez: recortando belas e feras dos contos de fadas\u201d \u2013 Ana Claudia Theodoro, Eliana Ara\u00fajo, Priscilla Borges. Com interven\u00e7\u00e3o musical de Denise Fuzaro. (Audit\u00f3rio 2)<\/p>\n\n\n\n<p>10h30 \u2013 \u201cBrincadeira nas margens po\u00e9ticas: concretizando poemas\u201d \u2013 Rosiely Brito e Khal Rens. (Audit\u00f3rio 3)<\/p>\n\n\n\n<p>14h \u2013 Sarau com o grupo \u201cDeu na Telha e convidados\u201d (Audit\u00f3rio 2)<\/p>\n\n\n\n<p>15h \u2013 Rog\u00e9rio Andrade Barbosa \u2013 \u201cContos Brasil e \u00c1frica\u201d (Audit\u00f3rio 2)<\/p>\n\n\n\n<p>16h \u2013 Conta\u00e7\u00e3o de Hist\u00f3ria \u2013 \u201cModelando Conto de Fadas\u201d. Sabrina Gomes, Christiane Vale, Monalisa Noronha e Maira Soares (Audit\u00f3rio 3)<\/p>\n\n\n\n<p><strong>Programa\u00e7\u00e3o Nacional e Internacional:<\/strong><\/p>\n\n\n\n<p>18h \u2013 Abertura\/Corte da fita<\/p>\n\n\n\n<p>19h \u2013 Abertura do evento: Danilo Miranda, Afonso Borges, S\u00e9rgio Abranches e Tom Farias (Audit\u00f3rio 1)<\/p>\n\n\n\n<p>20h \u2013 \u201cMuros Invis\u00edveis\u201d \u2013 Eug\u00eanio S\u00e1vio, Marisa Rufino, Carlos Vin\u00edcius Santos, Gabriel Andrade de Paula, Matheus Black e Flavio Victor (Audit\u00f3rio 1)<\/p>\n\n\n\n<p><strong>Musical:<\/strong><\/p>\n\n\n\n<p>11h\/17h \u2013 DJ Lucio Ilian \u2013 Brasilidades &amp; Lounge (Palco)<\/p>\n\n\n\n<p>17h\/18h30 \u2013 Bejazz (Palco)<\/p>\n\n\n\n<p>18h30\/20h \u2013 DJ Lucio Ilian \u2013 Brasilidades &amp; Lounge (Palco)<\/p>\n\n\n\n<p>20h\/21h30 \u2013 Marco Lobo (Palco)<\/p>\n\n\n\n<p>21h30\/23h \u2013 Piano Rock (Palco)<\/p>\n\n\n\n<p><strong>PROGRAMA\u00c7\u00c3O ON-LINE<\/strong><\/p>\n\n\n\n<p><strong>M\u00e1rio de Andrade, negro, 130 anos \u2013 SESC<\/strong><\/p>\n\n\n\n<p>19h \u2013 Oswaldo de Camargo conversa sobre o tema \u201cQuem \u00e9 este M\u00e1rio de Andrade. Branco? Negro?\u201d<\/p>\n\n\n\n<p>O Fliarax\u00e1 \u00e9 apresentado pela CBMM, com patroc\u00ednio do Ita\u00fa e da Cemig, via Lei Federal de Incentivo \u00e0 Cultura do Minist\u00e9rio da Cultura, com apoio da TV Integra\u00e7\u00e3o, Prefeitura Municipal de Arax\u00e1, Funda\u00e7\u00e3o Calmon Barreto, C\u00e2mara Municipal de Arax\u00e1, Academia Araxaense de Letras, Condor Eventos, Vale Sul \/ Goethe-Institut, Instituto Terra e Sesc.<\/p>\n\n\n\n<p><strong>Servi\u00e7o:<\/strong><\/p>\n\n\n\n<p>11.\u00ba Festival Liter\u00e1rio de Arax\u00e1 \u2013 Fliarax\u00e1<\/p>\n\n\n\n<p>De 5 a 9 de julho 2023, quarta-feira a domingo<\/p>\n\n\n\n<p>Tema: \u201cEduca\u00e7\u00e3o, Literatura e Patrim\u00f4nio\u201d<\/p>\n\n\n\n<p>Local: Programa\u00e7\u00e3o presencial no estacionamento do Est\u00e1dio Municipal Fausto Alvim (Av. Imbiara \u2013 Centro, Arax\u00e1) e programa\u00e7\u00e3o digital no YouTube, Instagram e Facebook \u2013 @fliaraxa<\/p>\n","protected":false},"excerpt":{"rendered":"<p>Desde a \u00faltima quarta-feira, dia 5 de julho, a cidade de Arax\u00e1 est\u00e1 recebendo escritores de todo o pa\u00eds para<\/p>\n","protected":false},"author":2,"featured_media":5617,"comment_status":"open","ping_status":"open","sticky":false,"template":"","format":"standard","meta":{"footnotes":""},"categories":[9,5,11],"tags":[],"class_list":["post-5616","post","type-post","status-publish","format-standard","has-post-thumbnail","hentry","category-araxa","category-arte-e-cultura","category-destaques"],"_links":{"self":[{"href":"http:\/\/blogdoarmindomaia.com.br\/index.php?rest_route=\/wp\/v2\/posts\/5616","targetHints":{"allow":["GET"]}}],"collection":[{"href":"http:\/\/blogdoarmindomaia.com.br\/index.php?rest_route=\/wp\/v2\/posts"}],"about":[{"href":"http:\/\/blogdoarmindomaia.com.br\/index.php?rest_route=\/wp\/v2\/types\/post"}],"author":[{"embeddable":true,"href":"http:\/\/blogdoarmindomaia.com.br\/index.php?rest_route=\/wp\/v2\/users\/2"}],"replies":[{"embeddable":true,"href":"http:\/\/blogdoarmindomaia.com.br\/index.php?rest_route=%2Fwp%2Fv2%2Fcomments&post=5616"}],"version-history":[{"count":1,"href":"http:\/\/blogdoarmindomaia.com.br\/index.php?rest_route=\/wp\/v2\/posts\/5616\/revisions"}],"predecessor-version":[{"id":5619,"href":"http:\/\/blogdoarmindomaia.com.br\/index.php?rest_route=\/wp\/v2\/posts\/5616\/revisions\/5619"}],"wp:featuredmedia":[{"embeddable":true,"href":"http:\/\/blogdoarmindomaia.com.br\/index.php?rest_route=\/wp\/v2\/media\/5617"}],"wp:attachment":[{"href":"http:\/\/blogdoarmindomaia.com.br\/index.php?rest_route=%2Fwp%2Fv2%2Fmedia&parent=5616"}],"wp:term":[{"taxonomy":"category","embeddable":true,"href":"http:\/\/blogdoarmindomaia.com.br\/index.php?rest_route=%2Fwp%2Fv2%2Fcategories&post=5616"},{"taxonomy":"post_tag","embeddable":true,"href":"http:\/\/blogdoarmindomaia.com.br\/index.php?rest_route=%2Fwp%2Fv2%2Ftags&post=5616"}],"curies":[{"name":"wp","href":"https:\/\/api.w.org\/{rel}","templated":true}]}}