{"id":5627,"date":"2023-07-10T10:57:58","date_gmt":"2023-07-10T13:57:58","guid":{"rendered":"http:\/\/blogdoarmindomaia.com.br\/?p=5627"},"modified":"2023-07-10T10:58:00","modified_gmt":"2023-07-10T13:58:00","slug":"projeto-raizes-80-alunos-de-uberaba-e-uberlandia-visitam-pontos-turisticos-de-araxa","status":"publish","type":"post","link":"http:\/\/blogdoarmindomaia.com.br\/?p=5627","title":{"rendered":"\u00a0Projeto Ra\u00edzes:\u00a0 80 alunos de Uberaba e Uberl\u00e2ndia visitam pontos tur\u00edsticos de Arax\u00e1"},"content":{"rendered":"\n<figure class=\"wp-block-image size-full is-style-default\"><img loading=\"lazy\" decoding=\"async\" width=\"1024\" height=\"682\" src=\"http:\/\/blogdoarmindomaia.com.br\/wp-content\/uploads\/2023\/07\/Projeto-Raizes-4.jpeg\" alt=\"\" class=\"wp-image-5629\" srcset=\"http:\/\/blogdoarmindomaia.com.br\/wp-content\/uploads\/2023\/07\/Projeto-Raizes-4.jpeg 1024w, http:\/\/blogdoarmindomaia.com.br\/wp-content\/uploads\/2023\/07\/Projeto-Raizes-4-300x200.jpeg 300w, http:\/\/blogdoarmindomaia.com.br\/wp-content\/uploads\/2023\/07\/Projeto-Raizes-4-768x512.jpeg 768w\" sizes=\"auto, (max-width: 1024px) 100vw, 1024px\" \/><\/figure>\n\n\n\n<figure class=\"wp-block-image size-full is-style-default\"><img loading=\"lazy\" decoding=\"async\" width=\"1024\" height=\"682\" src=\"http:\/\/blogdoarmindomaia.com.br\/wp-content\/uploads\/2023\/07\/Projeto-Raizes-3.jpeg\" alt=\"\" class=\"wp-image-5628\" srcset=\"http:\/\/blogdoarmindomaia.com.br\/wp-content\/uploads\/2023\/07\/Projeto-Raizes-3.jpeg 1024w, http:\/\/blogdoarmindomaia.com.br\/wp-content\/uploads\/2023\/07\/Projeto-Raizes-3-300x200.jpeg 300w, http:\/\/blogdoarmindomaia.com.br\/wp-content\/uploads\/2023\/07\/Projeto-Raizes-3-768x512.jpeg 768w\" sizes=\"auto, (max-width: 1024px) 100vw, 1024px\" \/><\/figure>\n\n\n\n<p>Resgatar as origens e promover a valoriza\u00e7\u00e3o das cidades, hist\u00f3rias locais, contos, saberes populares, patrim\u00f4nios, artes, culin\u00e1rias, animais, culturas, entre tantos outros elementos que formam nossa a identidade de uma cidade. Com este objetivo, os pontos tur\u00edsticos de Arax\u00e1 receberam recentemente a visita de 80 alunos das unidades do Col\u00e9gio Gabarito de Uberaba e Uberl\u00e2ndia. A a\u00e7\u00e3o faz parte do \u2018Projeto Ra\u00edzes\u2019.<br><br>O Projeto Ra\u00edzes far\u00e1 parte de uma mesa redonda, que abordar\u00e1 o in\u00edcio da forma\u00e7\u00e3o do Tri\u00e2ngulo Mineiro, dentro da programa\u00e7\u00e3o da 11\u00aa Edi\u00e7\u00e3o do Festival Liter\u00e1rio de Arax\u00e1 (Fliarax\u00e1), que acontece entre os dias 5 e 9 de julho no Estacionamento do Est\u00e1dio Municipal Fausto Alvim. A realiza\u00e7\u00e3o do evento conta com o apoio da Prefeitura de Arax\u00e1 e da Funda\u00e7\u00e3o Cultural Calmon Barreto<br><br>As atividades do projeto foram desenvolvidas em etapas. Em uma delas, denominada \u2018Na Rota do Sert\u00e3o da Farinha Podre\u2019, os alunos conheceram cidades da Regi\u00e3o do Tri\u00e2ngulo Mineiro e Alto Parana\u00edba. A iniciativa \u00e9 realizada com uma equipe de professores de disciplinas como Sociologia, Geografia, Hist\u00f3ria, Cidadania, Ci\u00eancias, Matem\u00e1tica e Literatura, que abordam em sala de aula assuntos relacionados aos conhecimentos adquiridos durante as viagens.<br><br>Em Arax\u00e1, os estudantes visitaram pontos como Complexo do Barreiro, Museu Calmon Barreto e Memorial de Arax\u00e1 e Museu Dona Beja, al\u00e9m de conhecerem a produ\u00e7\u00e3o dos famosos doces da cidade. \u201cO projeto inicia-se com o mapeamento da cidade, levando em considera\u00e7\u00e3o o munic\u00edpio e os seus distritos. Foi um projeto que veio a partir de uma certa necessidade e sensibilidade de trabalhar com os alunos as nossas refer\u00eancias em termos identit\u00e1rios e a quest\u00e3o do pertencimento do espa\u00e7o urbano para aprendermos a valorizar e reconhecer nossos patrim\u00f4nios culturais\u201d, destaca o professor de sociologia e idealizador do projeto, L\u00facio M\u00e1rio, do Col\u00e9gio Gabarito.<\/p>\n","protected":false},"excerpt":{"rendered":"<p>Resgatar as origens e promover a valoriza\u00e7\u00e3o das cidades, hist\u00f3rias locais, contos, saberes populares, patrim\u00f4nios, artes, culin\u00e1rias, animais, culturas, entre<\/p>\n","protected":false},"author":2,"featured_media":5628,"comment_status":"open","ping_status":"open","sticky":false,"template":"","format":"standard","meta":{"footnotes":""},"categories":[9,5,11],"tags":[],"class_list":["post-5627","post","type-post","status-publish","format-standard","has-post-thumbnail","hentry","category-araxa","category-arte-e-cultura","category-destaques"],"_links":{"self":[{"href":"http:\/\/blogdoarmindomaia.com.br\/index.php?rest_route=\/wp\/v2\/posts\/5627","targetHints":{"allow":["GET"]}}],"collection":[{"href":"http:\/\/blogdoarmindomaia.com.br\/index.php?rest_route=\/wp\/v2\/posts"}],"about":[{"href":"http:\/\/blogdoarmindomaia.com.br\/index.php?rest_route=\/wp\/v2\/types\/post"}],"author":[{"embeddable":true,"href":"http:\/\/blogdoarmindomaia.com.br\/index.php?rest_route=\/wp\/v2\/users\/2"}],"replies":[{"embeddable":true,"href":"http:\/\/blogdoarmindomaia.com.br\/index.php?rest_route=%2Fwp%2Fv2%2Fcomments&post=5627"}],"version-history":[{"count":1,"href":"http:\/\/blogdoarmindomaia.com.br\/index.php?rest_route=\/wp\/v2\/posts\/5627\/revisions"}],"predecessor-version":[{"id":5630,"href":"http:\/\/blogdoarmindomaia.com.br\/index.php?rest_route=\/wp\/v2\/posts\/5627\/revisions\/5630"}],"wp:featuredmedia":[{"embeddable":true,"href":"http:\/\/blogdoarmindomaia.com.br\/index.php?rest_route=\/wp\/v2\/media\/5628"}],"wp:attachment":[{"href":"http:\/\/blogdoarmindomaia.com.br\/index.php?rest_route=%2Fwp%2Fv2%2Fmedia&parent=5627"}],"wp:term":[{"taxonomy":"category","embeddable":true,"href":"http:\/\/blogdoarmindomaia.com.br\/index.php?rest_route=%2Fwp%2Fv2%2Fcategories&post=5627"},{"taxonomy":"post_tag","embeddable":true,"href":"http:\/\/blogdoarmindomaia.com.br\/index.php?rest_route=%2Fwp%2Fv2%2Ftags&post=5627"}],"curies":[{"name":"wp","href":"https:\/\/api.w.org\/{rel}","templated":true}]}}