{"id":5631,"date":"2023-07-10T11:00:15","date_gmt":"2023-07-10T14:00:15","guid":{"rendered":"http:\/\/blogdoarmindomaia.com.br\/?p=5631"},"modified":"2023-07-10T11:00:21","modified_gmt":"2023-07-10T14:00:21","slug":"prefeitura-de-araxa-participa-do-programa-educacao-ambiental","status":"publish","type":"post","link":"http:\/\/blogdoarmindomaia.com.br\/?p=5631","title":{"rendered":"Prefeitura de Arax\u00e1 participa do programa Educa\u00e7\u00e3o Ambiental"},"content":{"rendered":"\n<figure class=\"wp-block-image size-full is-style-default\"><img loading=\"lazy\" decoding=\"async\" width=\"1024\" height=\"683\" src=\"http:\/\/blogdoarmindomaia.com.br\/wp-content\/uploads\/2023\/07\/Programa-Educacao-Ambiental-1.jpeg\" alt=\"\" class=\"wp-image-5632\" srcset=\"http:\/\/blogdoarmindomaia.com.br\/wp-content\/uploads\/2023\/07\/Programa-Educacao-Ambiental-1.jpeg 1024w, http:\/\/blogdoarmindomaia.com.br\/wp-content\/uploads\/2023\/07\/Programa-Educacao-Ambiental-1-300x200.jpeg 300w, http:\/\/blogdoarmindomaia.com.br\/wp-content\/uploads\/2023\/07\/Programa-Educacao-Ambiental-1-768x512.jpeg 768w\" sizes=\"auto, (max-width: 1024px) 100vw, 1024px\" \/><\/figure>\n\n\n\n<p>A Prefeitura de Arax\u00e1 participou do programa Educa\u00e7\u00e3o Ambiental desenvolvido pela CBMM, nesta ter\u00e7a-feira (4), na Boca da Mata. O evento contou com palestras, apresenta\u00e7\u00f5es e oficinas.<br><br>Estiveram presentes no evento o Instituto de Planejamento e Desenvolvimento Sustent\u00e1vel de Arax\u00e1 (IPDSA), as Secretarias Municipais de Educa\u00e7\u00e3o e de Desenvolvimento Econ\u00f4mico, Inova\u00e7\u00e3o e Turismo, e a Funda\u00e7\u00e3o Cultural Calmon Barreto, al\u00e9m do Projeto de Integra\u00e7\u00e3o AABB Comunidade e da Escola Municipal Jos\u00e9 Bento, que fica na Boca da Mata.<br><br>O superintendente do IPDSA, Vin\u00edcius Martins, ressalta a import\u00e2ncia da educa\u00e7\u00e3o ambiental. \u201cEssa \u00e9 uma a\u00e7\u00e3o incr\u00edvel realizada pela CBMM que est\u00e1 sendo desenvolvida com as crian\u00e7as ensinando a cuidar do meio ambiente. O IPDSA participou do evento refor\u00e7ando a import\u00e2ncia da Coleta Seletiva, al\u00e9m de apresentar a situa\u00e7\u00e3o atual da atividade no nosso munic\u00edpio com as associa\u00e7\u00f5es e cooperativa de catadores de materiais recicl\u00e1veis da nossa cidade\u201d, afirma.<br><br>\u201cOutra a\u00e7\u00e3o conduzida pela equipe da Divis\u00e3o de Meio Ambiente do IPDSA foi a \u2018Feira de Troca\u2019. Neste momento foi ressaltado a import\u00e2ncia do consumo consciente, assim como sobre o reaproveitamento e reutiliza\u00e7\u00e3o de materiais que n\u00e3o utilizamos mais. Logo ap\u00f3s os participantes realizaram a troca de materiais que levaram anteriormente, demonstrando, na pr\u00e1tica, que o que n\u00e3o serve mais para mim pode servir para outra pessoa\u201d, conclui o superintendente.<br><\/p>\n","protected":false},"excerpt":{"rendered":"<p>A Prefeitura de Arax\u00e1 participou do programa Educa\u00e7\u00e3o Ambiental desenvolvido pela CBMM, nesta ter\u00e7a-feira (4), na Boca da Mata. O<\/p>\n","protected":false},"author":2,"featured_media":5632,"comment_status":"open","ping_status":"open","sticky":false,"template":"","format":"standard","meta":{"footnotes":""},"categories":[9,11],"tags":[],"class_list":["post-5631","post","type-post","status-publish","format-standard","has-post-thumbnail","hentry","category-araxa","category-destaques"],"_links":{"self":[{"href":"http:\/\/blogdoarmindomaia.com.br\/index.php?rest_route=\/wp\/v2\/posts\/5631","targetHints":{"allow":["GET"]}}],"collection":[{"href":"http:\/\/blogdoarmindomaia.com.br\/index.php?rest_route=\/wp\/v2\/posts"}],"about":[{"href":"http:\/\/blogdoarmindomaia.com.br\/index.php?rest_route=\/wp\/v2\/types\/post"}],"author":[{"embeddable":true,"href":"http:\/\/blogdoarmindomaia.com.br\/index.php?rest_route=\/wp\/v2\/users\/2"}],"replies":[{"embeddable":true,"href":"http:\/\/blogdoarmindomaia.com.br\/index.php?rest_route=%2Fwp%2Fv2%2Fcomments&post=5631"}],"version-history":[{"count":1,"href":"http:\/\/blogdoarmindomaia.com.br\/index.php?rest_route=\/wp\/v2\/posts\/5631\/revisions"}],"predecessor-version":[{"id":5633,"href":"http:\/\/blogdoarmindomaia.com.br\/index.php?rest_route=\/wp\/v2\/posts\/5631\/revisions\/5633"}],"wp:featuredmedia":[{"embeddable":true,"href":"http:\/\/blogdoarmindomaia.com.br\/index.php?rest_route=\/wp\/v2\/media\/5632"}],"wp:attachment":[{"href":"http:\/\/blogdoarmindomaia.com.br\/index.php?rest_route=%2Fwp%2Fv2%2Fmedia&parent=5631"}],"wp:term":[{"taxonomy":"category","embeddable":true,"href":"http:\/\/blogdoarmindomaia.com.br\/index.php?rest_route=%2Fwp%2Fv2%2Fcategories&post=5631"},{"taxonomy":"post_tag","embeddable":true,"href":"http:\/\/blogdoarmindomaia.com.br\/index.php?rest_route=%2Fwp%2Fv2%2Ftags&post=5631"}],"curies":[{"name":"wp","href":"https:\/\/api.w.org\/{rel}","templated":true}]}}