{"id":5646,"date":"2023-07-10T11:19:22","date_gmt":"2023-07-10T14:19:22","guid":{"rendered":"http:\/\/blogdoarmindomaia.com.br\/?p=5646"},"modified":"2023-07-10T11:19:24","modified_gmt":"2023-07-10T14:19:24","slug":"prefeitura-de-araxa-entrega-donativos-recebidos-na-campanha-do-agasalho","status":"publish","type":"post","link":"http:\/\/blogdoarmindomaia.com.br\/?p=5646","title":{"rendered":"Prefeitura de Arax\u00e1 entrega donativos recebidos na Campanha do Agasalho"},"content":{"rendered":"\n<figure class=\"wp-block-image size-full is-style-default\"><img loading=\"lazy\" decoding=\"async\" width=\"1024\" height=\"683\" src=\"http:\/\/blogdoarmindomaia.com.br\/wp-content\/uploads\/2023\/07\/Campanha-do-Agasalho-2023-4.jpeg\" alt=\"\" class=\"wp-image-5647\" srcset=\"http:\/\/blogdoarmindomaia.com.br\/wp-content\/uploads\/2023\/07\/Campanha-do-Agasalho-2023-4.jpeg 1024w, http:\/\/blogdoarmindomaia.com.br\/wp-content\/uploads\/2023\/07\/Campanha-do-Agasalho-2023-4-300x200.jpeg 300w, http:\/\/blogdoarmindomaia.com.br\/wp-content\/uploads\/2023\/07\/Campanha-do-Agasalho-2023-4-768x512.jpeg 768w\" sizes=\"auto, (max-width: 1024px) 100vw, 1024px\" \/><\/figure>\n\n\n\n<p>Quando o inverno chega, a solidariedade aumenta. E com os araxaenses, n\u00e3o \u00e9 diferente. Por meio da Secretaria Municipal de A\u00e7\u00e3o Social, a Prefeitura de Arax\u00e1 realizou a primeira entrega dos donativos recebidos na Campanha do Agasalho 2023 \u2013 Doar \u00e9 Aquecer .<br>A a\u00e7\u00e3o foi lan\u00e7ada no \u00faltimo dia 7 de junho (quarta-feira), com o objetivo de arrecadar cobertores, casacos, pares de meias e demais itens de inverno, em boas condi\u00e7\u00f5es de uso, para pessoas em situa\u00e7\u00e3o de vulnerabilidade social. As doa\u00e7\u00f5es poder\u00e3o ser realizadas at\u00e9 o pr\u00f3ximo dia 25 de junho (domingo).<br><br>O Grupo da Solidariedade foi o primeiro a ser contemplado com as doa\u00e7\u00f5es recebidas atrav\u00e9s da campanha. Organiza\u00e7\u00e3o sem fins lucrativos, a institui\u00e7\u00e3o existe h\u00e1 mais de 22 anos no Setor Leste da cidade e realiza atividades de sa\u00fade, educa\u00e7\u00e3o, servi\u00e7os culturais e demais trabalhos sociais para diferentes faixas et\u00e1rias.<br><br>Ao todo, foram arrecadados 393 itens nesta primeira fase da campanha, incluindo cobertores, moletons, casacos, cal\u00e7as, pijamas, entre outros. Para a coordenadora do Grupo Solidariedade, Nilza Helena da Costa Borges, as doa\u00e7\u00f5es chegaram no momento certo.<br><br>\u201cA popula\u00e7\u00e3o n\u00e3o faz ideia de como contribui participando desta campanha. Essa a\u00e7\u00e3o \u00e9 de extrema import\u00e2ncia para n\u00f3s e para tantas entidades do munic\u00edpio. Quem tirou um tempinho do dia para realizar a doa\u00e7\u00e3o, pode ter certeza de que os itens que est\u00e3o chegando para n\u00f3s v\u00e3o fazer uma enorme diferen\u00e7a na vida daqueles que mais precisam\u201d, ressalta a coordenadora.<br><br>O secret\u00e1rio de A\u00e7\u00e3o Social, Wagner Cruz, afirma que este \u00e9 o momento de praticar o amor ao pr\u00f3ximo, solidariedade e empatia. \u201cEstamos imensamente felizes com o resultado das doa\u00e7\u00f5es dessa primeira fase de arrecada\u00e7\u00f5es. Sabemos que a uni\u00e3o de toda a popula\u00e7\u00e3o em prol de uma causa t\u00e3o importante ir\u00e1 contribuir para conseguirmos arrecadar o maior n\u00famero poss\u00edvel de doa\u00e7\u00f5es e, principalmente, ajudar o maior n\u00famero de pessoas no munic\u00edpio\u201d, destaca.<br><br>As doa\u00e7\u00f5es poder\u00e3o ser realizadas at\u00e9 o pr\u00f3ximo dia 25 de junho (domingo) nos seguintes pontos de coleta:<br><br>\u2022 Sede da Prefeitura de Arax\u00e1 no Centro Administrativo: Av. Ros\u00e1lia Isaura de Ara\u00fajo, n\u00ba 275;<br><br>\u2022 Sede antiga da Prefeitura de Arax\u00e1: R. Presidente Oleg\u00e1rio Maciel, n\u00ba 306, Centro;<br><br>\u2022 Secretaria Municipal de A\u00e7\u00e3o Social: Av. Get\u00falio Vargas, n\u00ba 205, Centro;<br><br>\u2022 Igreja da Sagrada Fam\u00edlia: R. Argeu Alves da Costa, n\u00ba 10, Vila Silv\u00e9ria;<br><br>\u2022 Obras Assistenciais Caminheiros do Bem: R. Capit\u00e3o Izidro, n\u00ba 120, Centro;<br><br>\u2022 Igreja Eterna: R. Divino Alves Ferreira, n\u00ba 560, bairro Padre Alaor;<br><br>\u2022 Base M\u00f3vel da Pol\u00edcia Militar: Av. Ant\u00f4nio Carlos (em frente ao Banco do Brasil);<br><br>\u2022 C\u00e2mara Municipal: Av. Jo\u00e3o Paulo II, n\u00ba 1,200, bairro Guilhermina Vieira Chaer.<\/p>\n","protected":false},"excerpt":{"rendered":"<p>Quando o inverno chega, a solidariedade aumenta. E com os araxaenses, n\u00e3o \u00e9 diferente. Por meio da Secretaria Municipal de<\/p>\n","protected":false},"author":2,"featured_media":5647,"comment_status":"open","ping_status":"open","sticky":false,"template":"","format":"standard","meta":{"footnotes":""},"categories":[9,11],"tags":[],"class_list":["post-5646","post","type-post","status-publish","format-standard","has-post-thumbnail","hentry","category-araxa","category-destaques"],"_links":{"self":[{"href":"http:\/\/blogdoarmindomaia.com.br\/index.php?rest_route=\/wp\/v2\/posts\/5646","targetHints":{"allow":["GET"]}}],"collection":[{"href":"http:\/\/blogdoarmindomaia.com.br\/index.php?rest_route=\/wp\/v2\/posts"}],"about":[{"href":"http:\/\/blogdoarmindomaia.com.br\/index.php?rest_route=\/wp\/v2\/types\/post"}],"author":[{"embeddable":true,"href":"http:\/\/blogdoarmindomaia.com.br\/index.php?rest_route=\/wp\/v2\/users\/2"}],"replies":[{"embeddable":true,"href":"http:\/\/blogdoarmindomaia.com.br\/index.php?rest_route=%2Fwp%2Fv2%2Fcomments&post=5646"}],"version-history":[{"count":1,"href":"http:\/\/blogdoarmindomaia.com.br\/index.php?rest_route=\/wp\/v2\/posts\/5646\/revisions"}],"predecessor-version":[{"id":5648,"href":"http:\/\/blogdoarmindomaia.com.br\/index.php?rest_route=\/wp\/v2\/posts\/5646\/revisions\/5648"}],"wp:featuredmedia":[{"embeddable":true,"href":"http:\/\/blogdoarmindomaia.com.br\/index.php?rest_route=\/wp\/v2\/media\/5647"}],"wp:attachment":[{"href":"http:\/\/blogdoarmindomaia.com.br\/index.php?rest_route=%2Fwp%2Fv2%2Fmedia&parent=5646"}],"wp:term":[{"taxonomy":"category","embeddable":true,"href":"http:\/\/blogdoarmindomaia.com.br\/index.php?rest_route=%2Fwp%2Fv2%2Fcategories&post=5646"},{"taxonomy":"post_tag","embeddable":true,"href":"http:\/\/blogdoarmindomaia.com.br\/index.php?rest_route=%2Fwp%2Fv2%2Ftags&post=5646"}],"curies":[{"name":"wp","href":"https:\/\/api.w.org\/{rel}","templated":true}]}}