{"id":5649,"date":"2023-07-10T11:30:26","date_gmt":"2023-07-10T14:30:26","guid":{"rendered":"http:\/\/blogdoarmindomaia.com.br\/?p=5649"},"modified":"2023-07-10T11:30:28","modified_gmt":"2023-07-10T14:30:28","slug":"concluido-o-recapeamento-na-boca-da-mata","status":"publish","type":"post","link":"http:\/\/blogdoarmindomaia.com.br\/?p=5649","title":{"rendered":"Conclu\u00eddo o recapeamento na Boca da Mata"},"content":{"rendered":"\n<figure class=\"wp-block-image size-full is-style-default\"><img loading=\"lazy\" decoding=\"async\" width=\"1024\" height=\"683\" src=\"http:\/\/blogdoarmindomaia.com.br\/wp-content\/uploads\/2023\/07\/Recapeamento-na-Boca-da-Mata-2.jpeg\" alt=\"\" class=\"wp-image-5650\" srcset=\"http:\/\/blogdoarmindomaia.com.br\/wp-content\/uploads\/2023\/07\/Recapeamento-na-Boca-da-Mata-2.jpeg 1024w, http:\/\/blogdoarmindomaia.com.br\/wp-content\/uploads\/2023\/07\/Recapeamento-na-Boca-da-Mata-2-300x200.jpeg 300w, http:\/\/blogdoarmindomaia.com.br\/wp-content\/uploads\/2023\/07\/Recapeamento-na-Boca-da-Mata-2-768x512.jpeg 768w\" sizes=\"auto, (max-width: 1024px) 100vw, 1024px\" \/><\/figure>\n\n\n\n<p>A Comunidade da Boca da Mata recebeu recapeamento asf\u00e1ltico ap\u00f3s mais de 15 anos de espera. O trabalho faz parte do projeto de recupera\u00e7\u00e3o das vias da cidade, que j\u00e1 n\u00e3o comportavam mais dos servi\u00e7os de tapa-buracos devido aos desgastes causados com o passar dos anos.<br><br>No local foi realizada a revitaliza\u00e7\u00e3o da via com base asf\u00e1ltica de 4 cm de espessura, melhoramento do sistema de drenagem pluvial profunda e superficial e ser\u00e1 realizada a sinaliza\u00e7\u00e3o horizontal e vertical.<br><br>A comunidade tamb\u00e9m recebeu ilumina\u00e7\u00e3o de primeira qualidade com 20 l\u00e2mpadas com a tecnologia LED. A a\u00e7\u00e3o faz parte de mais uma etapa do projeto Arax\u00e1 Cidade Luz.<br><br>De acordo com o secret\u00e1rio \u00c2ngelo Fran\u00e7a, a pavimenta\u00e7\u00e3o vai proporcionar mais seguran\u00e7a para os moradores da comunidade da Boca da Mata. \u201cEssa demanda \u00e9 antiga e bastante aguardada pelos moradores da comunidade. Os servi\u00e7os paliativos de tapa-buracos n\u00e3o tinham mais efeito e a rua estava muito desgastada, por isso foi realizado o recapeamento asf\u00e1ltico em toda a via\u201d, explica.<br><br>O prefeito Robson Magela destaca que o Munic\u00edpio cumpriu mais uma demanda que era aguardada h\u00e1 anos. \u201cUma infraestrutura de qualidade transforma a vida das pessoas, que passam a ter uma vida digna, da forma como realmente merecem. S\u00e3o a\u00e7\u00f5es de extrema import\u00e2ncia e necessidade que se tornaram realidade na Boca da Mata\u201d, destaca.<br><\/p>\n\n\n\n<p>&#8212;<\/p>\n","protected":false},"excerpt":{"rendered":"<p>A Comunidade da Boca da Mata recebeu recapeamento asf\u00e1ltico ap\u00f3s mais de 15 anos de espera. O trabalho faz parte<\/p>\n","protected":false},"author":2,"featured_media":5650,"comment_status":"open","ping_status":"open","sticky":false,"template":"","format":"standard","meta":{"footnotes":""},"categories":[9,11],"tags":[],"class_list":["post-5649","post","type-post","status-publish","format-standard","has-post-thumbnail","hentry","category-araxa","category-destaques"],"_links":{"self":[{"href":"http:\/\/blogdoarmindomaia.com.br\/index.php?rest_route=\/wp\/v2\/posts\/5649","targetHints":{"allow":["GET"]}}],"collection":[{"href":"http:\/\/blogdoarmindomaia.com.br\/index.php?rest_route=\/wp\/v2\/posts"}],"about":[{"href":"http:\/\/blogdoarmindomaia.com.br\/index.php?rest_route=\/wp\/v2\/types\/post"}],"author":[{"embeddable":true,"href":"http:\/\/blogdoarmindomaia.com.br\/index.php?rest_route=\/wp\/v2\/users\/2"}],"replies":[{"embeddable":true,"href":"http:\/\/blogdoarmindomaia.com.br\/index.php?rest_route=%2Fwp%2Fv2%2Fcomments&post=5649"}],"version-history":[{"count":1,"href":"http:\/\/blogdoarmindomaia.com.br\/index.php?rest_route=\/wp\/v2\/posts\/5649\/revisions"}],"predecessor-version":[{"id":5651,"href":"http:\/\/blogdoarmindomaia.com.br\/index.php?rest_route=\/wp\/v2\/posts\/5649\/revisions\/5651"}],"wp:featuredmedia":[{"embeddable":true,"href":"http:\/\/blogdoarmindomaia.com.br\/index.php?rest_route=\/wp\/v2\/media\/5650"}],"wp:attachment":[{"href":"http:\/\/blogdoarmindomaia.com.br\/index.php?rest_route=%2Fwp%2Fv2%2Fmedia&parent=5649"}],"wp:term":[{"taxonomy":"category","embeddable":true,"href":"http:\/\/blogdoarmindomaia.com.br\/index.php?rest_route=%2Fwp%2Fv2%2Fcategories&post=5649"},{"taxonomy":"post_tag","embeddable":true,"href":"http:\/\/blogdoarmindomaia.com.br\/index.php?rest_route=%2Fwp%2Fv2%2Ftags&post=5649"}],"curies":[{"name":"wp","href":"https:\/\/api.w.org\/{rel}","templated":true}]}}