{"id":5677,"date":"2023-07-13T15:34:04","date_gmt":"2023-07-13T18:34:04","guid":{"rendered":"http:\/\/blogdoarmindomaia.com.br\/?p=5677"},"modified":"2023-07-13T15:34:06","modified_gmt":"2023-07-13T18:34:06","slug":"reuniao-na-prefeitura-de-araxa-destaca-reducao-da-violencia-na-cidade","status":"publish","type":"post","link":"http:\/\/blogdoarmindomaia.com.br\/?p=5677","title":{"rendered":"Reuni\u00e3o na Prefeitura de Arax\u00e1 destaca redu\u00e7\u00e3o da viol\u00eancia na cidade"},"content":{"rendered":"\n<figure class=\"wp-block-image size-full is-style-default\"><img loading=\"lazy\" decoding=\"async\" width=\"1024\" height=\"683\" src=\"http:\/\/blogdoarmindomaia.com.br\/wp-content\/uploads\/2023\/07\/Reuniao-na-Prefeitura-de-Araxa-destaca-reducao-da-violencia-na-cidade-pag-07.jpeg\" alt=\"\" class=\"wp-image-5679\" srcset=\"http:\/\/blogdoarmindomaia.com.br\/wp-content\/uploads\/2023\/07\/Reuniao-na-Prefeitura-de-Araxa-destaca-reducao-da-violencia-na-cidade-pag-07.jpeg 1024w, http:\/\/blogdoarmindomaia.com.br\/wp-content\/uploads\/2023\/07\/Reuniao-na-Prefeitura-de-Araxa-destaca-reducao-da-violencia-na-cidade-pag-07-300x200.jpeg 300w, http:\/\/blogdoarmindomaia.com.br\/wp-content\/uploads\/2023\/07\/Reuniao-na-Prefeitura-de-Araxa-destaca-reducao-da-violencia-na-cidade-pag-07-768x512.jpeg 768w\" sizes=\"auto, (max-width: 1024px) 100vw, 1024px\" \/><\/figure>\n\n\n\n<p>A Prefeitura de Arax\u00e1 realizou uma reuni\u00e3o com \u00f3rg\u00e3os de Seguran\u00e7a P\u00fablica que atuam no munic\u00edpio, na ter\u00e7a-feira (11). No encontro foram apresentados dados que apontam diminui\u00e7\u00e3o significativa no n\u00famero de roubos, furtos e homic\u00eddios na cidade.<br><br>Os dados de janeiro a junho de 2023 apontam uma redu\u00e7\u00e3o de 22,22% de homic\u00eddios, 18,90% de furtos, 6,25% de roubos, 70% em roubos na Zona Rural, 20% em estupro e 68,76% em seis anos consecutivos de redu\u00e7\u00e3o dos crimes violentos em Arax\u00e1.<br><br>A cidade se destacou novamente entre as mais seguras do Brasil (12\u00aa colocada) e de Minas Gerais (2\u00aa colocada), segundo o Instituto de Pesquisa Econ\u00f4mica Aplicada (Ipea).<br><br>Participaram da reuni\u00e3o o prefeito Robson Magela, o secret\u00e1rio municipal de Seguran\u00e7a P\u00fablica, Daniel Rosa, e representantes da Pol\u00edcia Militar, Pol\u00edcia Civil, Pol\u00edcia Rodovi\u00e1ria, Pol\u00edcia de Meio Ambiente, Corpo de Bombeiros, Pol\u00edcia Penal, Tiro de Guerra e Associa\u00e7\u00e3o de Prote\u00e7\u00e3o e Assist\u00eancia aos Condenados de Arax\u00e1 (Apac).<br><br>Na ocasi\u00e3o, o comandante do 37\u00ba Batalh\u00e3o de Pol\u00edcia Militar (BPM), tenente-coronel Ademir Vicente Fagundes, apresentou um balan\u00e7o das a\u00e7\u00f5es integradas voltadas para a preven\u00e7\u00e3o da viol\u00eancia e promo\u00e7\u00e3o de ambientes seguros realizadas no munic\u00edpio, em parceria com todos os \u00f3rg\u00e3os de seguran\u00e7a.<br><br>\u201cA parceria da Prefeitura de Arax\u00e1 \u00e9 essencial para a nossa atividade, e essa foi a oportunidade dos \u00f3rg\u00e3os de Defesa Social se inteirar. \u00c9 muito bom a gente ter essa oportunidade de divulgar n\u00fameros extremamente positivos, onde tivemos uma redu\u00e7\u00e3o significativa da viol\u00eancia no munic\u00edpio, que \u00e9 algo muito importante para todos n\u00f3s\u201d, explica.<br><br>O chefe da 2\u00aa Delegacia Regional de Pol\u00edcia Civil de Arax\u00e1, Valter Andr\u00e9 Biscaro Salviano, ressalta que a reuni\u00e3o foi muito produtiva. \u201cN\u00f3s apresentamos dados de redu\u00e7\u00e3o muito significativa para a nossa regional de Arax\u00e1. Isso foi fruto das parcerias das pol\u00edcias, e principalmente das parcerias com a Prefeitura de Arax\u00e1. N\u00f3s conseguimos demonstrar para a popula\u00e7\u00e3o que n\u00e3o \u00e9 s\u00f3 a sensa\u00e7\u00e3o de seguran\u00e7a, e sim a redu\u00e7\u00e3o de n\u00fameros expressivos dos crimes ocorridos nos \u00faltimos anos e neste primeiro semestre\u201d, afirma.<br><br>O prefeito Robson Magela reafirma a import\u00e2ncia do trabalho realizado pelos \u00f3rg\u00e3os de seguran\u00e7a de Arax\u00e1. \u201cO trabalho da Seguran\u00e7a P\u00fablica na cidade tem um importante papel na vida de toda a popula\u00e7\u00e3o, e \u00e9 uma grande satisfa\u00e7\u00e3o ver essa ver essa redu\u00e7\u00e3o de crimes no munic\u00edpio. As parcerias da Gest\u00e3o Municipal com os \u00f3rg\u00e3os de seguran\u00e7a s\u00e3o fundamentais para continuar garantindo sempre melhorias para toda a cidade\u201d, reitera.<br><\/p>\n","protected":false},"excerpt":{"rendered":"<p>A Prefeitura de Arax\u00e1 realizou uma reuni\u00e3o com \u00f3rg\u00e3os de Seguran\u00e7a P\u00fablica que atuam no munic\u00edpio, na ter\u00e7a-feira (11). No<\/p>\n","protected":false},"author":2,"featured_media":5679,"comment_status":"open","ping_status":"open","sticky":false,"template":"","format":"standard","meta":{"footnotes":""},"categories":[9,11],"tags":[],"class_list":["post-5677","post","type-post","status-publish","format-standard","has-post-thumbnail","hentry","category-araxa","category-destaques"],"_links":{"self":[{"href":"http:\/\/blogdoarmindomaia.com.br\/index.php?rest_route=\/wp\/v2\/posts\/5677","targetHints":{"allow":["GET"]}}],"collection":[{"href":"http:\/\/blogdoarmindomaia.com.br\/index.php?rest_route=\/wp\/v2\/posts"}],"about":[{"href":"http:\/\/blogdoarmindomaia.com.br\/index.php?rest_route=\/wp\/v2\/types\/post"}],"author":[{"embeddable":true,"href":"http:\/\/blogdoarmindomaia.com.br\/index.php?rest_route=\/wp\/v2\/users\/2"}],"replies":[{"embeddable":true,"href":"http:\/\/blogdoarmindomaia.com.br\/index.php?rest_route=%2Fwp%2Fv2%2Fcomments&post=5677"}],"version-history":[{"count":1,"href":"http:\/\/blogdoarmindomaia.com.br\/index.php?rest_route=\/wp\/v2\/posts\/5677\/revisions"}],"predecessor-version":[{"id":5680,"href":"http:\/\/blogdoarmindomaia.com.br\/index.php?rest_route=\/wp\/v2\/posts\/5677\/revisions\/5680"}],"wp:featuredmedia":[{"embeddable":true,"href":"http:\/\/blogdoarmindomaia.com.br\/index.php?rest_route=\/wp\/v2\/media\/5679"}],"wp:attachment":[{"href":"http:\/\/blogdoarmindomaia.com.br\/index.php?rest_route=%2Fwp%2Fv2%2Fmedia&parent=5677"}],"wp:term":[{"taxonomy":"category","embeddable":true,"href":"http:\/\/blogdoarmindomaia.com.br\/index.php?rest_route=%2Fwp%2Fv2%2Fcategories&post=5677"},{"taxonomy":"post_tag","embeddable":true,"href":"http:\/\/blogdoarmindomaia.com.br\/index.php?rest_route=%2Fwp%2Fv2%2Ftags&post=5677"}],"curies":[{"name":"wp","href":"https:\/\/api.w.org\/{rel}","templated":true}]}}