{"id":5681,"date":"2023-07-13T15:37:57","date_gmt":"2023-07-13T18:37:57","guid":{"rendered":"http:\/\/blogdoarmindomaia.com.br\/?p=5681"},"modified":"2023-07-13T15:37:59","modified_gmt":"2023-07-13T18:37:59","slug":"revitalizacao-da-unisse-e-concluida","status":"publish","type":"post","link":"http:\/\/blogdoarmindomaia.com.br\/?p=5681","title":{"rendered":"Revitaliza\u00e7\u00e3o da Unisse \u00e9\u00a0 conclu\u00edda"},"content":{"rendered":"\n<figure class=\"wp-block-image size-full is-style-default\"><img loading=\"lazy\" decoding=\"async\" width=\"1024\" height=\"683\" src=\"http:\/\/blogdoarmindomaia.com.br\/wp-content\/uploads\/2023\/07\/Unisse-12.jpeg\" alt=\"\" class=\"wp-image-5682\" srcset=\"http:\/\/blogdoarmindomaia.com.br\/wp-content\/uploads\/2023\/07\/Unisse-12.jpeg 1024w, http:\/\/blogdoarmindomaia.com.br\/wp-content\/uploads\/2023\/07\/Unisse-12-300x200.jpeg 300w, http:\/\/blogdoarmindomaia.com.br\/wp-content\/uploads\/2023\/07\/Unisse-12-768x512.jpeg 768w\" sizes=\"auto, (max-width: 1024px) 100vw, 1024px\" \/><\/figure>\n\n\n\n<figure class=\"wp-block-image size-full is-style-default\"><img loading=\"lazy\" decoding=\"async\" width=\"1024\" height=\"683\" src=\"http:\/\/blogdoarmindomaia.com.br\/wp-content\/uploads\/2023\/07\/Unisse-11.jpeg\" alt=\"\" class=\"wp-image-5683\" srcset=\"http:\/\/blogdoarmindomaia.com.br\/wp-content\/uploads\/2023\/07\/Unisse-11.jpeg 1024w, http:\/\/blogdoarmindomaia.com.br\/wp-content\/uploads\/2023\/07\/Unisse-11-300x200.jpeg 300w, http:\/\/blogdoarmindomaia.com.br\/wp-content\/uploads\/2023\/07\/Unisse-11-768x512.jpeg 768w\" sizes=\"auto, (max-width: 1024px) 100vw, 1024px\" \/><\/figure>\n\n\n\n<p>Um espa\u00e7o totalmente revitalizado, com ambiente acolhedor e atendimento ainda mais humanizado. A Prefeitura de Arax\u00e1 reinaugurou a Unidade de Sa\u00fade Sul-Sudeste (Unisse), no bairro Santa Terezinha.<br><br>O prefeito Robson Magela vistoriou o local no in\u00edcio de mar\u00e7o do 2022 e autorizou a Secretaria Municipal de Obras P\u00fablicas e Mobilidade Urbano a abrir licita\u00e7\u00e3o para a reforma geral do espa\u00e7o, que estava bastante deteriorado com infiltra\u00e7\u00f5es nas paredes, portas e janelas, dimens\u00f5es inadequadas e revestimentos velhos de piso e banheiros.<br><br>Dentre os servi\u00e7os da revitaliza\u00e7\u00e3o est\u00e3o a troca completa do telhado, janelas e portas, a reforma de sanit\u00e1rios e cozinha, pintura geral, novos pisos e revestimentos, restaura\u00e7\u00e3o da parte hidr\u00e1ulica e el\u00e9trica, adapta\u00e7\u00e3o de acessibilidade em todo o pr\u00e9dio e projeto de identidade visual que deixou a unidade mais acolhedora.<br><br>A unidade atende 13 bairros &#8211; Santa Terezinha, Vila Silv\u00e9ria, Dona Beja, Parque das Flores, Jardim das Primaveras, Padre Alaor; Arasol, Vila Lamartine, Jardim Cec\u00edlia, Leda Barcelos, Sagrada Fam\u00edlia, Fertiza, Pedro Pezzuti, al\u00e9m do Centro.<br><br>S\u00e3o 120 atendimentos por dia, incluindo cl\u00ednica geral, nutricionista, consulta e procedimentos de enfermagem, al\u00e9m de visitas domiciliares aos pacientes. Al\u00e9m disso, abriga as Estrat\u00e9gias de Sa\u00fade (ESFs) Santa Terezinha, Vila Silv\u00e9ria e Padre Alaor.<br><br>De acordo com a secret\u00e1ria municipal de Sa\u00fade, Cristiane Gon\u00e7alves Pereira, a obra vem de encontro a uma antiga demanda da comunidade e contribui de forma significativa com a melhora da qualidade da sa\u00fade p\u00fablica na cidade.<br><br>\u201cCom a reforma finalizada, a unidade de sa\u00fade est\u00e1 apta a atender novamente a popula\u00e7\u00e3o e proporcionar melhores condi\u00e7\u00f5es de trabalho para os servidores. Nunca se investiu tanto na sa\u00fade, nos profissionais da \u00e1rea e nos pacientes de Arax\u00e1. Com essas a\u00e7\u00f5es, a Administra\u00e7\u00e3o Municipal refor\u00e7a o compromisso de cuidar das pessoas, garantindo a seguran\u00e7a e a qualidade de vida que elas tanto merecem\u201d, reitera a secret\u00e1ria.<br><br>O prefeito Robson Magela afirma que os investimentos na Sa\u00fade t\u00eam promovido uma transforma\u00e7\u00e3o para melhorar a vida das pessoas. \u201cO dinheiro do povo tem que ser investido para o povo. E estamos trabalhando sem medir esfor\u00e7os para que essa realidade n\u00e3o mude, e a Sa\u00fade continue evoluindo de forma significativa\u201d, diz.<br><br>\u201cA Unisse n\u00e3o poderia ficar como estava. A uni\u00e3o de profissionais competentes, com o prop\u00f3sito da Gest\u00e3o Municipal, nos trouxe mais um momento de grande alegria. Estamos imensamente felizes com esta entrega\u201d, conclui o prefeito<\/p>\n","protected":false},"excerpt":{"rendered":"<p>Um espa\u00e7o totalmente revitalizado, com ambiente acolhedor e atendimento ainda mais humanizado. A Prefeitura de Arax\u00e1 reinaugurou a Unidade de<\/p>\n","protected":false},"author":2,"featured_media":5682,"comment_status":"open","ping_status":"open","sticky":false,"template":"","format":"standard","meta":{"footnotes":""},"categories":[9,11],"tags":[],"class_list":["post-5681","post","type-post","status-publish","format-standard","has-post-thumbnail","hentry","category-araxa","category-destaques"],"_links":{"self":[{"href":"http:\/\/blogdoarmindomaia.com.br\/index.php?rest_route=\/wp\/v2\/posts\/5681","targetHints":{"allow":["GET"]}}],"collection":[{"href":"http:\/\/blogdoarmindomaia.com.br\/index.php?rest_route=\/wp\/v2\/posts"}],"about":[{"href":"http:\/\/blogdoarmindomaia.com.br\/index.php?rest_route=\/wp\/v2\/types\/post"}],"author":[{"embeddable":true,"href":"http:\/\/blogdoarmindomaia.com.br\/index.php?rest_route=\/wp\/v2\/users\/2"}],"replies":[{"embeddable":true,"href":"http:\/\/blogdoarmindomaia.com.br\/index.php?rest_route=%2Fwp%2Fv2%2Fcomments&post=5681"}],"version-history":[{"count":1,"href":"http:\/\/blogdoarmindomaia.com.br\/index.php?rest_route=\/wp\/v2\/posts\/5681\/revisions"}],"predecessor-version":[{"id":5684,"href":"http:\/\/blogdoarmindomaia.com.br\/index.php?rest_route=\/wp\/v2\/posts\/5681\/revisions\/5684"}],"wp:featuredmedia":[{"embeddable":true,"href":"http:\/\/blogdoarmindomaia.com.br\/index.php?rest_route=\/wp\/v2\/media\/5682"}],"wp:attachment":[{"href":"http:\/\/blogdoarmindomaia.com.br\/index.php?rest_route=%2Fwp%2Fv2%2Fmedia&parent=5681"}],"wp:term":[{"taxonomy":"category","embeddable":true,"href":"http:\/\/blogdoarmindomaia.com.br\/index.php?rest_route=%2Fwp%2Fv2%2Fcategories&post=5681"},{"taxonomy":"post_tag","embeddable":true,"href":"http:\/\/blogdoarmindomaia.com.br\/index.php?rest_route=%2Fwp%2Fv2%2Ftags&post=5681"}],"curies":[{"name":"wp","href":"https:\/\/api.w.org\/{rel}","templated":true}]}}