{"id":5685,"date":"2023-07-13T15:40:02","date_gmt":"2023-07-13T18:40:02","guid":{"rendered":"http:\/\/blogdoarmindomaia.com.br\/?p=5685"},"modified":"2023-07-13T15:40:04","modified_gmt":"2023-07-13T18:40:04","slug":"agro-e-show-reune-tecnologia-agricola-e-grandes-nomes-da-musica-no-expominas","status":"publish","type":"post","link":"http:\/\/blogdoarmindomaia.com.br\/?p=5685","title":{"rendered":"Agro \u00e9 Show re\u00fane tecnologia agr\u00edcola e grandes nomes da m\u00fasica no Expominas"},"content":{"rendered":"\n<figure class=\"wp-block-image size-large is-style-default\"><img loading=\"lazy\" decoding=\"async\" width=\"1024\" height=\"1024\" src=\"http:\/\/blogdoarmindomaia.com.br\/wp-content\/uploads\/2023\/07\/Agro-e-Show-reune-tecnologia-agricola-e-grandes-nomes-da-musica-no-Expominas-pag-09-1024x1024.png\" alt=\"\" class=\"wp-image-5686\" srcset=\"http:\/\/blogdoarmindomaia.com.br\/wp-content\/uploads\/2023\/07\/Agro-e-Show-reune-tecnologia-agricola-e-grandes-nomes-da-musica-no-Expominas-pag-09-1024x1024.png 1024w, http:\/\/blogdoarmindomaia.com.br\/wp-content\/uploads\/2023\/07\/Agro-e-Show-reune-tecnologia-agricola-e-grandes-nomes-da-musica-no-Expominas-pag-09-300x300.png 300w, http:\/\/blogdoarmindomaia.com.br\/wp-content\/uploads\/2023\/07\/Agro-e-Show-reune-tecnologia-agricola-e-grandes-nomes-da-musica-no-Expominas-pag-09-150x150.png 150w, http:\/\/blogdoarmindomaia.com.br\/wp-content\/uploads\/2023\/07\/Agro-e-Show-reune-tecnologia-agricola-e-grandes-nomes-da-musica-no-Expominas-pag-09-768x768.png 768w, http:\/\/blogdoarmindomaia.com.br\/wp-content\/uploads\/2023\/07\/Agro-e-Show-reune-tecnologia-agricola-e-grandes-nomes-da-musica-no-Expominas-pag-09.png 1080w\" sizes=\"auto, (max-width: 1024px) 100vw, 1024px\" \/><\/figure>\n\n\n\n<p>Come\u00e7ou na noite da \u00faltima quarta-feira, dia 12, no espa\u00e7o Expominas em Arax\u00e1, a edi\u00e7\u00e3o 2023 do Agro \u00e9 Show; um grande evento art\u00edstico, cultural e de neg\u00f3cios, que ir\u00e1 movimentar a cidade, gerar renda, aquecer a economia, fomentar emprego e servi\u00e7os, proporcionar grandes oportunidades, e \u00e9 claro entreter e ofertar uma grade especial de shows&nbsp; musicais para toda a fam\u00edlia, com artistas de renome nacional . O evento vai at\u00e9 o pr\u00f3ximo domingo, dia 16 de julho. Em entrevista ao Jornal Intera\u00e7\u00e3o, um dos organizadores da festa, Eryan Barbosa, disse que, \u201d esse ser\u00e1 um grande evento. N\u00f3s planejamos tudo com muito crit\u00e9rio para agradar a todos os p\u00fablicos. E o mais importante \u00e9 que entre nossos apoiadores, conseguimos a parceria m\u00e1ster do Sindicato Rural de Arax\u00e1\u201d. &nbsp;Ainda de acordo com Barbosa, \u201cal\u00e9m das in\u00fameras atra\u00e7\u00f5es art\u00edsticas e musicais de express\u00e3o nacional, nos temos outras op\u00e7\u00f5es para o p\u00fablico que for prestigiar e conferir o Agro \u00e9 Show. No local temos &nbsp;v\u00e1rios stands comerciais e empresariais &nbsp;para promover e valorizar produtos, servi\u00e7os e as empresas parceiras. Outra novidade da festa, s\u00e3o as feiras de lou\u00e7a e malhas e tamb\u00e9m um espa\u00e7o variado de gastronomia, com o melhor da nossa comida e bebidas\u201d. Eryan tamb\u00e9m afirmou que, &nbsp;\u201da Agro \u00e9 Show, tamb\u00e9m trouxe &nbsp;muita inova\u00e7\u00e3o do agro em rela\u00e7\u00e3o a maquin\u00e1rios, insumos agr\u00edcolas, implementos e tudo aquilo que h\u00e1 de novidade e tecnologia no agro na atualidade\u201d.<\/p>\n\n\n\n<p>&nbsp;o campo das atra\u00e7\u00f5es art\u00edsticas e shows musicais a edi\u00e7\u00e3o 2023 do Agro \u00e9 Show, que foi aberta na quarta-feira com o show solid\u00e1rio da dupla sertaneja&nbsp; Duduca e Dalvan, ainda teve na&nbsp; quinta-feira (13): Maria Cecilia &amp;amp; Rodolfo e Oba Oba Samba House.&nbsp; Nesta &#8211; sexta-feira (14): Eduardo Costa e Alan &amp;amp; Alex. No &nbsp;s\u00e1bado (15): US Agroboy e Octtuz e no domingo (16): Grupo Molejo e Marcos Paulo &amp;amp; Marcelo. &nbsp;<\/p>\n\n\n\n<p>&nbsp;Ainda segundo o organizador, \u201da Agro \u00e9 Show, tamb\u00e9m trouxe &nbsp;muita inova\u00e7\u00e3o do agro em rela\u00e7\u00e3o a maquin\u00e1rios, insumos agr\u00edcolas, implementos e tudo aquilo que h\u00e1 de novidade e tecnologia no agro na atualidade\u201d.<\/p>\n\n\n\n<p><a href=\"https:\/\/jornalinteracao.com.br\/#facebook\" target=\"_blank\" rel=\"noreferrer noopener\"><br><\/a>&nbsp;<\/p>\n","protected":false},"excerpt":{"rendered":"<p>Come\u00e7ou na noite da \u00faltima quarta-feira, dia 12, no espa\u00e7o Expominas em Arax\u00e1, a edi\u00e7\u00e3o 2023 do Agro \u00e9 Show;<\/p>\n","protected":false},"author":2,"featured_media":5686,"comment_status":"open","ping_status":"open","sticky":false,"template":"","format":"standard","meta":{"footnotes":""},"categories":[9,5],"tags":[],"class_list":["post-5685","post","type-post","status-publish","format-standard","has-post-thumbnail","hentry","category-araxa","category-arte-e-cultura"],"_links":{"self":[{"href":"http:\/\/blogdoarmindomaia.com.br\/index.php?rest_route=\/wp\/v2\/posts\/5685","targetHints":{"allow":["GET"]}}],"collection":[{"href":"http:\/\/blogdoarmindomaia.com.br\/index.php?rest_route=\/wp\/v2\/posts"}],"about":[{"href":"http:\/\/blogdoarmindomaia.com.br\/index.php?rest_route=\/wp\/v2\/types\/post"}],"author":[{"embeddable":true,"href":"http:\/\/blogdoarmindomaia.com.br\/index.php?rest_route=\/wp\/v2\/users\/2"}],"replies":[{"embeddable":true,"href":"http:\/\/blogdoarmindomaia.com.br\/index.php?rest_route=%2Fwp%2Fv2%2Fcomments&post=5685"}],"version-history":[{"count":1,"href":"http:\/\/blogdoarmindomaia.com.br\/index.php?rest_route=\/wp\/v2\/posts\/5685\/revisions"}],"predecessor-version":[{"id":5687,"href":"http:\/\/blogdoarmindomaia.com.br\/index.php?rest_route=\/wp\/v2\/posts\/5685\/revisions\/5687"}],"wp:featuredmedia":[{"embeddable":true,"href":"http:\/\/blogdoarmindomaia.com.br\/index.php?rest_route=\/wp\/v2\/media\/5686"}],"wp:attachment":[{"href":"http:\/\/blogdoarmindomaia.com.br\/index.php?rest_route=%2Fwp%2Fv2%2Fmedia&parent=5685"}],"wp:term":[{"taxonomy":"category","embeddable":true,"href":"http:\/\/blogdoarmindomaia.com.br\/index.php?rest_route=%2Fwp%2Fv2%2Fcategories&post=5685"},{"taxonomy":"post_tag","embeddable":true,"href":"http:\/\/blogdoarmindomaia.com.br\/index.php?rest_route=%2Fwp%2Fv2%2Ftags&post=5685"}],"curies":[{"name":"wp","href":"https:\/\/api.w.org\/{rel}","templated":true}]}}