{"id":5694,"date":"2023-07-14T16:07:18","date_gmt":"2023-07-14T19:07:18","guid":{"rendered":"http:\/\/blogdoarmindomaia.com.br\/?p=5694"},"modified":"2023-07-14T16:07:21","modified_gmt":"2023-07-14T19:07:21","slug":"estudantes-e-idosos-visitam-a-prefeitura-de-araxa","status":"publish","type":"post","link":"http:\/\/blogdoarmindomaia.com.br\/?p=5694","title":{"rendered":"Estudantes e idosos visitam a Prefeitura de Arax\u00e1"},"content":{"rendered":"\n<figure class=\"wp-block-image size-full is-style-default\"><img loading=\"lazy\" decoding=\"async\" width=\"1024\" height=\"683\" src=\"http:\/\/blogdoarmindomaia.com.br\/wp-content\/uploads\/2023\/07\/Visitas-especiais-13.jpeg\" alt=\"\" class=\"wp-image-5695\" srcset=\"http:\/\/blogdoarmindomaia.com.br\/wp-content\/uploads\/2023\/07\/Visitas-especiais-13.jpeg 1024w, http:\/\/blogdoarmindomaia.com.br\/wp-content\/uploads\/2023\/07\/Visitas-especiais-13-300x200.jpeg 300w, http:\/\/blogdoarmindomaia.com.br\/wp-content\/uploads\/2023\/07\/Visitas-especiais-13-768x512.jpeg 768w\" sizes=\"auto, (max-width: 1024px) 100vw, 1024px\" \/><\/figure>\n\n\n\n<figure class=\"wp-block-image size-full is-style-default\"><img loading=\"lazy\" decoding=\"async\" width=\"1024\" height=\"683\" src=\"http:\/\/blogdoarmindomaia.com.br\/wp-content\/uploads\/2023\/07\/Estudantes-e-idosos-visitam-a-Prefeitura-de-Araxa-pag-08.jpeg\" alt=\"\" class=\"wp-image-5696\" srcset=\"http:\/\/blogdoarmindomaia.com.br\/wp-content\/uploads\/2023\/07\/Estudantes-e-idosos-visitam-a-Prefeitura-de-Araxa-pag-08.jpeg 1024w, http:\/\/blogdoarmindomaia.com.br\/wp-content\/uploads\/2023\/07\/Estudantes-e-idosos-visitam-a-Prefeitura-de-Araxa-pag-08-300x200.jpeg 300w, http:\/\/blogdoarmindomaia.com.br\/wp-content\/uploads\/2023\/07\/Estudantes-e-idosos-visitam-a-Prefeitura-de-Araxa-pag-08-768x512.jpeg 768w\" sizes=\"auto, (max-width: 1024px) 100vw, 1024px\" \/><\/figure>\n\n\n\n<p>No final da semana passada (6), o prefeito Robson Magela recebeu crian\u00e7as do Centro Municipal de Educa\u00e7\u00e3o Infantil (Cemei) Az\u00e1lia Guimar\u00e3es e idosos acolhidos pelas Obras Assistenciais Eur\u00edpedes Barsanulfo.<br><br>Na primeira visita, cerca de 30 alunos conversaram com o prefeito Robson Magela e com a secret\u00e1ria Zulma Moreira sobre os trabalhos realizados pela Prefeitura de Arax\u00e1 e pela Secretaria Municipal de Educa\u00e7\u00e3o. Eles tamb\u00e9m aproveitaram para contar o dia a dia no ambiente escolar e destacaram o carinho dedicado pela equipe do Cemei Az\u00e1lia Guimar\u00e3es.<br><br>Os alunos fizeram um tour pelo Gabinete do Prefeito, audit\u00f3rio e demais instala\u00e7\u00f5es da sede do Poder Executivo. \u201cVer as crian\u00e7as chegando ao pr\u00e9dio todas uniformizadas e contando com brilho nos olhos nos encheu de felicidade. Realizar atividades como essa, fora de sala de aula, d\u00e1 aos pequenos a oportunidade de se desenvolverem ainda mais enquanto estudantes e futuros cidad\u00e3os de bem\u201d, destaca a secret\u00e1ria Zulma Moreira.<br><br>Em seguida foi a vez da recep\u00e7\u00e3o aos idosos acolhidos pelas Obras Assistenciais Eur\u00edpedes Barsanulfo. De acordo com a presidente da entidade, Nilza Balieiro, o objetivo foi proporcionar um momento de viv\u00eancia junto com o prefeito Robson Magela e com o secret\u00e1rio municipal de A\u00e7\u00e3o Social, Wagner Cruz.<br><br>\u201cTudo que \u00e9 proporcionado aos idosos gera enorme alegria, n\u00e3o s\u00f3 para eles, mas tamb\u00e9m para n\u00f3s, que vivemos diariamente com esse p\u00fablico. Isso \u00e9 o que realmente importa. As dificuldades desta faixa et\u00e1ria podem ser trocadas pela viv\u00eancia de momentos \u00edmpares como esta visita\u201d, ressalta.<br><br>Para o prefeito Robson Magela, a manh\u00e3 especial com os alunos e os idosos serviu como motiva\u00e7\u00e3o para que a gest\u00e3o trabalhe cada vez mais pelo bem da popula\u00e7\u00e3o.<br><br>\u201cFoi uma alegria imensa receb\u00ea-los na prefeitura. Ver os pequenos curiosos por cada detalhe do nosso trabalho \u00e9 fant\u00e1stico. E saber que est\u00e3o sendo cuidados com muito amor pelos servidores da Educa\u00e7\u00e3o, mostra que estamos, com certeza, no caminho certo. E depois o momento com os idosos, que j\u00e1 nos ensinaram tantas li\u00e7\u00f5es e continuam sendo exemplos de carinho e determina\u00e7\u00e3o. Uma experi\u00eancia muito positiva com quem vai cuidar do nosso futuro, e com quem cuidou do nosso passado\u201d, conclui.<br><\/p>\n","protected":false},"excerpt":{"rendered":"<p>No final da semana passada (6), o prefeito Robson Magela recebeu crian\u00e7as do Centro Municipal de Educa\u00e7\u00e3o Infantil (Cemei) Az\u00e1lia<\/p>\n","protected":false},"author":2,"featured_media":5696,"comment_status":"open","ping_status":"open","sticky":false,"template":"","format":"standard","meta":{"footnotes":""},"categories":[9,11],"tags":[],"class_list":["post-5694","post","type-post","status-publish","format-standard","has-post-thumbnail","hentry","category-araxa","category-destaques"],"_links":{"self":[{"href":"http:\/\/blogdoarmindomaia.com.br\/index.php?rest_route=\/wp\/v2\/posts\/5694","targetHints":{"allow":["GET"]}}],"collection":[{"href":"http:\/\/blogdoarmindomaia.com.br\/index.php?rest_route=\/wp\/v2\/posts"}],"about":[{"href":"http:\/\/blogdoarmindomaia.com.br\/index.php?rest_route=\/wp\/v2\/types\/post"}],"author":[{"embeddable":true,"href":"http:\/\/blogdoarmindomaia.com.br\/index.php?rest_route=\/wp\/v2\/users\/2"}],"replies":[{"embeddable":true,"href":"http:\/\/blogdoarmindomaia.com.br\/index.php?rest_route=%2Fwp%2Fv2%2Fcomments&post=5694"}],"version-history":[{"count":1,"href":"http:\/\/blogdoarmindomaia.com.br\/index.php?rest_route=\/wp\/v2\/posts\/5694\/revisions"}],"predecessor-version":[{"id":5697,"href":"http:\/\/blogdoarmindomaia.com.br\/index.php?rest_route=\/wp\/v2\/posts\/5694\/revisions\/5697"}],"wp:featuredmedia":[{"embeddable":true,"href":"http:\/\/blogdoarmindomaia.com.br\/index.php?rest_route=\/wp\/v2\/media\/5696"}],"wp:attachment":[{"href":"http:\/\/blogdoarmindomaia.com.br\/index.php?rest_route=%2Fwp%2Fv2%2Fmedia&parent=5694"}],"wp:term":[{"taxonomy":"category","embeddable":true,"href":"http:\/\/blogdoarmindomaia.com.br\/index.php?rest_route=%2Fwp%2Fv2%2Fcategories&post=5694"},{"taxonomy":"post_tag","embeddable":true,"href":"http:\/\/blogdoarmindomaia.com.br\/index.php?rest_route=%2Fwp%2Fv2%2Ftags&post=5694"}],"curies":[{"name":"wp","href":"https:\/\/api.w.org\/{rel}","templated":true}]}}