{"id":5701,"date":"2023-07-14T16:12:22","date_gmt":"2023-07-14T19:12:22","guid":{"rendered":"http:\/\/blogdoarmindomaia.com.br\/?p=5701"},"modified":"2023-07-14T16:12:25","modified_gmt":"2023-07-14T19:12:25","slug":"36a-festa-dos-motoristas-de-araxa-comeca-na-proxima-quinta-feira-2","status":"publish","type":"post","link":"http:\/\/blogdoarmindomaia.com.br\/?p=5701","title":{"rendered":"36\u00aa Festa dos Motoristas de Arax\u00e1 come\u00e7a na pr\u00f3xima quinta-feira"},"content":{"rendered":"\n<figure class=\"wp-block-image size-full is-style-default\"><img loading=\"lazy\" decoding=\"async\" width=\"500\" height=\"375\" src=\"http:\/\/blogdoarmindomaia.com.br\/wp-content\/uploads\/2023\/07\/36a-Festa-dos-Motoristas-de-Araxa-comeca-na-proxima-quinta-feira-pag-03-2.jpg\" alt=\"\" class=\"wp-image-5702\" srcset=\"http:\/\/blogdoarmindomaia.com.br\/wp-content\/uploads\/2023\/07\/36a-Festa-dos-Motoristas-de-Araxa-comeca-na-proxima-quinta-feira-pag-03-2.jpg 500w, http:\/\/blogdoarmindomaia.com.br\/wp-content\/uploads\/2023\/07\/36a-Festa-dos-Motoristas-de-Araxa-comeca-na-proxima-quinta-feira-pag-03-2-300x225.jpg 300w\" sizes=\"auto, (max-width: 500px) 100vw, 500px\" \/><\/figure>\n\n\n\n<p>De 20 a 23 de julho de 2023, Arax\u00e1 vai sediar mais uma Festa dos Motoristas. Trata-se de um dos eventos mais tradicionais da regi\u00e3o. A promo\u00e7\u00e3o \u00e9 da Adesc&nbsp;&nbsp; e vai ter como palco a sede da Associa\u00e7\u00e3o de Apoio ao Motorista, que fica na Alameda Liberdade, 25, Bairro Dona Beja, com entrada franca. Al\u00e9m da integra\u00e7\u00e3o cultural, a Festa dos Motoristas, &nbsp;prima pela promo\u00e7\u00e3o da arte social inclusiva e valoriza\u00e7\u00e3o das tradi\u00e7\u00f5es folcl\u00f3ricas e populares, do interior de Minas Gerais. O evento cultural \u00e9 gratuito, aberto a toda comunidade com ampla acessibilidade e seguran\u00e7a.&nbsp;<\/p>\n\n\n\n<p>Como tradi\u00e7\u00e3o o evento tamb\u00e9m ter\u00e1 a realiza\u00e7\u00e3o do Concurso de Frases de Para Choque. Na programa\u00e7\u00e3o &nbsp;destaque para eventos art\u00edsticos, culturais e religiosos.<\/p>\n","protected":false},"excerpt":{"rendered":"<p>De 20 a 23 de julho de 2023, Arax\u00e1 vai sediar mais uma Festa dos Motoristas. Trata-se de um dos<\/p>\n","protected":false},"author":2,"featured_media":5702,"comment_status":"open","ping_status":"open","sticky":false,"template":"","format":"standard","meta":{"footnotes":""},"categories":[9,11],"tags":[],"class_list":["post-5701","post","type-post","status-publish","format-standard","has-post-thumbnail","hentry","category-araxa","category-destaques"],"_links":{"self":[{"href":"http:\/\/blogdoarmindomaia.com.br\/index.php?rest_route=\/wp\/v2\/posts\/5701","targetHints":{"allow":["GET"]}}],"collection":[{"href":"http:\/\/blogdoarmindomaia.com.br\/index.php?rest_route=\/wp\/v2\/posts"}],"about":[{"href":"http:\/\/blogdoarmindomaia.com.br\/index.php?rest_route=\/wp\/v2\/types\/post"}],"author":[{"embeddable":true,"href":"http:\/\/blogdoarmindomaia.com.br\/index.php?rest_route=\/wp\/v2\/users\/2"}],"replies":[{"embeddable":true,"href":"http:\/\/blogdoarmindomaia.com.br\/index.php?rest_route=%2Fwp%2Fv2%2Fcomments&post=5701"}],"version-history":[{"count":1,"href":"http:\/\/blogdoarmindomaia.com.br\/index.php?rest_route=\/wp\/v2\/posts\/5701\/revisions"}],"predecessor-version":[{"id":5703,"href":"http:\/\/blogdoarmindomaia.com.br\/index.php?rest_route=\/wp\/v2\/posts\/5701\/revisions\/5703"}],"wp:featuredmedia":[{"embeddable":true,"href":"http:\/\/blogdoarmindomaia.com.br\/index.php?rest_route=\/wp\/v2\/media\/5702"}],"wp:attachment":[{"href":"http:\/\/blogdoarmindomaia.com.br\/index.php?rest_route=%2Fwp%2Fv2%2Fmedia&parent=5701"}],"wp:term":[{"taxonomy":"category","embeddable":true,"href":"http:\/\/blogdoarmindomaia.com.br\/index.php?rest_route=%2Fwp%2Fv2%2Fcategories&post=5701"},{"taxonomy":"post_tag","embeddable":true,"href":"http:\/\/blogdoarmindomaia.com.br\/index.php?rest_route=%2Fwp%2Fv2%2Ftags&post=5701"}],"curies":[{"name":"wp","href":"https:\/\/api.w.org\/{rel}","templated":true}]}}