{"id":5704,"date":"2023-07-14T16:19:38","date_gmt":"2023-07-14T19:19:38","guid":{"rendered":"http:\/\/blogdoarmindomaia.com.br\/?p=5704"},"modified":"2023-07-14T16:19:40","modified_gmt":"2023-07-14T19:19:40","slug":"julho-no-memorial-mauricio-rosa-museu-da-escrita-recebe-estudantes-e-escritores","status":"publish","type":"post","link":"http:\/\/blogdoarmindomaia.com.br\/?p=5704","title":{"rendered":"Julho no Memorial Maur\u00edcio Rosa: Museu da Escrita recebe estudantes e escritores"},"content":{"rendered":"\n<figure class=\"wp-block-image size-large is-style-default\"><img loading=\"lazy\" decoding=\"async\" width=\"1024\" height=\"1024\" src=\"http:\/\/blogdoarmindomaia.com.br\/wp-content\/uploads\/2023\/07\/Alunos-do-projeto-EJA-da-escola-Caic-1024x1024.jpg\" alt=\"\" class=\"wp-image-5706\" srcset=\"http:\/\/blogdoarmindomaia.com.br\/wp-content\/uploads\/2023\/07\/Alunos-do-projeto-EJA-da-escola-Caic-1024x1024.jpg 1024w, http:\/\/blogdoarmindomaia.com.br\/wp-content\/uploads\/2023\/07\/Alunos-do-projeto-EJA-da-escola-Caic-300x300.jpg 300w, http:\/\/blogdoarmindomaia.com.br\/wp-content\/uploads\/2023\/07\/Alunos-do-projeto-EJA-da-escola-Caic-150x150.jpg 150w, http:\/\/blogdoarmindomaia.com.br\/wp-content\/uploads\/2023\/07\/Alunos-do-projeto-EJA-da-escola-Caic-768x768.jpg 768w, http:\/\/blogdoarmindomaia.com.br\/wp-content\/uploads\/2023\/07\/Alunos-do-projeto-EJA-da-escola-Caic-1536x1536.jpg 1536w, http:\/\/blogdoarmindomaia.com.br\/wp-content\/uploads\/2023\/07\/Alunos-do-projeto-EJA-da-escola-Caic.jpg 1600w\" sizes=\"auto, (max-width: 1024px) 100vw, 1024px\" \/><\/figure>\n\n\n\n<figure class=\"wp-block-image size-large is-style-default\"><img loading=\"lazy\" decoding=\"async\" width=\"576\" height=\"1024\" src=\"http:\/\/blogdoarmindomaia.com.br\/wp-content\/uploads\/2023\/07\/Alunos-professora-da-Escola-Padre-Joao-Botelho-com-o-monitor-Paulinho-576x1024.jpg\" alt=\"\" class=\"wp-image-5707\" srcset=\"http:\/\/blogdoarmindomaia.com.br\/wp-content\/uploads\/2023\/07\/Alunos-professora-da-Escola-Padre-Joao-Botelho-com-o-monitor-Paulinho-576x1024.jpg 576w, http:\/\/blogdoarmindomaia.com.br\/wp-content\/uploads\/2023\/07\/Alunos-professora-da-Escola-Padre-Joao-Botelho-com-o-monitor-Paulinho-169x300.jpg 169w, http:\/\/blogdoarmindomaia.com.br\/wp-content\/uploads\/2023\/07\/Alunos-professora-da-Escola-Padre-Joao-Botelho-com-o-monitor-Paulinho-768x1365.jpg 768w, http:\/\/blogdoarmindomaia.com.br\/wp-content\/uploads\/2023\/07\/Alunos-professora-da-Escola-Padre-Joao-Botelho-com-o-monitor-Paulinho-864x1536.jpg 864w, http:\/\/blogdoarmindomaia.com.br\/wp-content\/uploads\/2023\/07\/Alunos-professora-da-Escola-Padre-Joao-Botelho-com-o-monitor-Paulinho.jpg 900w\" sizes=\"auto, (max-width: 576px) 100vw, 576px\" \/><\/figure>\n\n\n\n<figure class=\"wp-block-image size-large is-style-default\"><img loading=\"lazy\" decoding=\"async\" width=\"1024\" height=\"768\" src=\"http:\/\/blogdoarmindomaia.com.br\/wp-content\/uploads\/2023\/07\/Estudanrtes-da-Escola-Padre-Joao-Botelho-na-bancada-de-impressos-1024x768.jpg\" alt=\"\" class=\"wp-image-5708\" srcset=\"http:\/\/blogdoarmindomaia.com.br\/wp-content\/uploads\/2023\/07\/Estudanrtes-da-Escola-Padre-Joao-Botelho-na-bancada-de-impressos-1024x768.jpg 1024w, http:\/\/blogdoarmindomaia.com.br\/wp-content\/uploads\/2023\/07\/Estudanrtes-da-Escola-Padre-Joao-Botelho-na-bancada-de-impressos-300x225.jpg 300w, http:\/\/blogdoarmindomaia.com.br\/wp-content\/uploads\/2023\/07\/Estudanrtes-da-Escola-Padre-Joao-Botelho-na-bancada-de-impressos-768x576.jpg 768w, http:\/\/blogdoarmindomaia.com.br\/wp-content\/uploads\/2023\/07\/Estudanrtes-da-Escola-Padre-Joao-Botelho-na-bancada-de-impressos-1536x1152.jpg 1536w, http:\/\/blogdoarmindomaia.com.br\/wp-content\/uploads\/2023\/07\/Estudanrtes-da-Escola-Padre-Joao-Botelho-na-bancada-de-impressos.jpg 1600w\" sizes=\"auto, (max-width: 1024px) 100vw, 1024px\" \/><\/figure>\n\n\n\n<figure class=\"wp-block-image size-large is-style-default\"><img loading=\"lazy\" decoding=\"async\" width=\"1024\" height=\"1024\" src=\"http:\/\/blogdoarmindomaia.com.br\/wp-content\/uploads\/2023\/07\/Estudantes-do-EJA-Araxa-1024x1024.jpg\" alt=\"\" class=\"wp-image-5709\" srcset=\"http:\/\/blogdoarmindomaia.com.br\/wp-content\/uploads\/2023\/07\/Estudantes-do-EJA-Araxa-1024x1024.jpg 1024w, http:\/\/blogdoarmindomaia.com.br\/wp-content\/uploads\/2023\/07\/Estudantes-do-EJA-Araxa-300x300.jpg 300w, http:\/\/blogdoarmindomaia.com.br\/wp-content\/uploads\/2023\/07\/Estudantes-do-EJA-Araxa-150x150.jpg 150w, http:\/\/blogdoarmindomaia.com.br\/wp-content\/uploads\/2023\/07\/Estudantes-do-EJA-Araxa-768x768.jpg 768w, http:\/\/blogdoarmindomaia.com.br\/wp-content\/uploads\/2023\/07\/Estudantes-do-EJA-Araxa-1536x1536.jpg 1536w, http:\/\/blogdoarmindomaia.com.br\/wp-content\/uploads\/2023\/07\/Estudantes-do-EJA-Araxa.jpg 1600w\" sizes=\"auto, (max-width: 1024px) 100vw, 1024px\" \/><\/figure>\n\n\n\n<figure class=\"wp-block-image size-large is-style-default\"><img loading=\"lazy\" decoding=\"async\" width=\"1024\" height=\"768\" src=\"http:\/\/blogdoarmindomaia.com.br\/wp-content\/uploads\/2023\/07\/Mauricinho-gestor-do-Memorial-e-os-escritores-Lierte-e-Iraildes-1024x768.jpg\" alt=\"\" class=\"wp-image-5710\" srcset=\"http:\/\/blogdoarmindomaia.com.br\/wp-content\/uploads\/2023\/07\/Mauricinho-gestor-do-Memorial-e-os-escritores-Lierte-e-Iraildes-1024x768.jpg 1024w, http:\/\/blogdoarmindomaia.com.br\/wp-content\/uploads\/2023\/07\/Mauricinho-gestor-do-Memorial-e-os-escritores-Lierte-e-Iraildes-300x225.jpg 300w, http:\/\/blogdoarmindomaia.com.br\/wp-content\/uploads\/2023\/07\/Mauricinho-gestor-do-Memorial-e-os-escritores-Lierte-e-Iraildes-768x576.jpg 768w, http:\/\/blogdoarmindomaia.com.br\/wp-content\/uploads\/2023\/07\/Mauricinho-gestor-do-Memorial-e-os-escritores-Lierte-e-Iraildes.jpg 1280w\" sizes=\"auto, (max-width: 1024px) 100vw, 1024px\" \/><\/figure>\n\n\n\n<p><\/p>\n\n\n\n<figure class=\"wp-block-image size-large is-style-default\"><img loading=\"lazy\" decoding=\"async\" width=\"1024\" height=\"768\" src=\"http:\/\/blogdoarmindomaia.com.br\/wp-content\/uploads\/2023\/07\/Alunos-do-Joao-Botelho-chegando-no-Memorial-Mauricio-Rosa-1024x768.jpg\" alt=\"\" class=\"wp-image-5705\" srcset=\"http:\/\/blogdoarmindomaia.com.br\/wp-content\/uploads\/2023\/07\/Alunos-do-Joao-Botelho-chegando-no-Memorial-Mauricio-Rosa-1024x768.jpg 1024w, http:\/\/blogdoarmindomaia.com.br\/wp-content\/uploads\/2023\/07\/Alunos-do-Joao-Botelho-chegando-no-Memorial-Mauricio-Rosa-300x225.jpg 300w, http:\/\/blogdoarmindomaia.com.br\/wp-content\/uploads\/2023\/07\/Alunos-do-Joao-Botelho-chegando-no-Memorial-Mauricio-Rosa-768x576.jpg 768w, http:\/\/blogdoarmindomaia.com.br\/wp-content\/uploads\/2023\/07\/Alunos-do-Joao-Botelho-chegando-no-Memorial-Mauricio-Rosa-1536x1152.jpg 1536w, http:\/\/blogdoarmindomaia.com.br\/wp-content\/uploads\/2023\/07\/Alunos-do-Joao-Botelho-chegando-no-Memorial-Mauricio-Rosa.jpg 1600w\" sizes=\"auto, (max-width: 1024px) 100vw, 1024px\" \/><\/figure>\n\n\n\n<p>Para estudantes de v\u00e1rias idades de Arax\u00e1 e at\u00e9 para escritores de outros estados, o in\u00edcio do m\u00eas de julho, foi de volta ao passado e de descobertas&nbsp; fascinantes, atrav\u00e9s de uma viagem pela hist\u00f3ria contada com riquezas de detalhes pelo Memorial da Escrita e Imprensa Maur\u00edcio Rosa de Arax\u00e1.<\/p>\n\n\n\n<p>Criado a pouco mais de um ano em Arax\u00e1, o espa\u00e7o cultural e hist\u00f3rico, j\u00e1 virou ponto de visita obrigat\u00f3rio para estudantes, turistas e principalmente para os amantes das letras e da escrita.<\/p>\n\n\n\n<p>Dotado de um &nbsp;acervo de m\u00e1quinas, documentos, impressos e mobili\u00e1rio, o Museu conta a hist\u00f3ria e a evolu\u00e7\u00e3o da escrita e da imprensa com destaque principalmente para o of\u00edcio da tipografia. Al\u00e9m do maquin\u00e1rio datado do in\u00edcio de 1900, tamb\u00e9m chamam a aten\u00e7\u00e3o dos visitantes, os impressos antigos, como jornais, convites, panfletos, cartazes e livretos todos confeccionados no m\u00e9todo tipogr\u00e1fico, contando a historias de eventos e personagens do passado araxaense. &nbsp;<\/p>\n\n\n\n<p>No dia 29 de junho um grupo de 50 estudantes do projeto EJA \u2013 Educa\u00e7\u00e3o de Jovens e Adultos da Escola Estadual Professora Leonilda Montandon \u2013 Caic de Arax\u00e1, liderados pela professora V\u00edvian Sardinha, visitaram o Memorial Maur\u00edcio Rosam durante a noite. O grupo formado por alunos de idades entre 15 e 65 anos&nbsp; permaneceu por mais de duas horas no espa\u00e7o do Museu. Conheceram a hist\u00f3ria da escrita, descobriram como o processo de impress\u00e3o evoluiu atrav\u00e9s dos tempos e voltaram no tempo com o rico acervo de m\u00e1quinas e impressos do passado. A professora&nbsp; Vivian Sardinha, disse que, &#8220;o espa\u00e7o interativo do Memorial da Escrita Maur\u00edcio Rosa, surpreendeu a todos, inclusive a n\u00f3s professores. Os nossos alunos ficaram muito felizes no que vieram e apreenderam. Pois a hist\u00f3ria, o acervo e as impress\u00f5es antigas, serviram para&nbsp; complementar na pr\u00e1tica, o conte\u00fado te\u00f3rico que os alunos aprendem na teoria na sala de aula&#8221;. Certamente conhecer de perto e poder vivenciar na pr\u00e1tica um pouco da hist\u00f3ria da evolu\u00e7\u00e3o da escrita e da imprensa, em tempos de internet e intelig\u00eancia artificial \u00e9 poder valorizar tudo que foi realizado e trabalhado para que pud\u00e9ssemos chegar a realidade de hoje&#8221;.<\/p>\n\n\n\n<p>No \u00faltimo s\u00e1bado, dia 8 de julho, em pleno Fliarax\u00e1, o Museu recebeu as ilustres visitas dos escritores paulistas, Ira\u00edldes Macedo e Li\u00e9rte Penna, que vieram lan\u00e7ar em Arax\u00e1, o livro; \u201cMal\u00edcias, Al\u00edcias e Poesias\u201d. &nbsp;O escritor e engenheiro Li\u00e9rte, disse que, \u201ceu fiquei&nbsp; encantado de verdade com a import\u00e2ncia do Memorial Maur\u00edcio Rosa para as novas gera\u00e7\u00f5es que s\u00f3 conhecem&nbsp; internet, celular e redes sociais. O Museu da Escrita \u00e9 uma aula pr\u00e1tica quando o assunto \u00e9 contar com detalhes a evolu\u00e7\u00e3o da imprensa e da escrita. Muito bom mesmo\u201d &nbsp;. Ira\u00edldes tamb\u00e9m foi enf\u00e1tica em revelar toda a emo\u00e7\u00e3o e nostalgia em conhecer a hist\u00f3ria do Memorial. \u201c Olha, pra mim foi uma surpresa muito positiva. Eu jamais imaginaria que poderia encontrar no interior de Minas \u2013 Arax\u00e1 \u2013 um espa\u00e7o t\u00e3o rico, que se dedica a contar com riquezas detalhes e de forma t\u00e3o leve, a hist\u00f3ria da evolu\u00e7\u00e3o da nossa escrita. Uma viagem fant\u00e1stica\u201d.&nbsp;&nbsp;&nbsp;&nbsp;&nbsp;&nbsp; &nbsp;&nbsp;<\/p>\n\n\n\n<p>Est\u00e1 semana, nas manh\u00e3s de ter\u00e7a e quarta, tr\u00eas turmas de quarto ano da Escola Municipal Padre Jo\u00e3o Botelho, com idades entre 9 e 10 anos; liderados pelas professoras; Eliana de F\u00e1tima Pereira Garcia, Edna Aparecida de Souza Batista, Eliane Ferreira de Lima Alves e Ana Paula Siqueira Schvartz. Ao todo foram 75 anos que conheceram o Museu da Escrita e ficaram fascinados com tanta hist\u00f3ria das m\u00e1quinas e ferramentas antigas da tipografia e escrita, que foram fundamentais para a evolu\u00e7\u00e3o da escrita mundial. Segundo a professora Eliana Garcia, &#8220;foram visitas muito especiais pra n\u00f3s educadores e tamb\u00e9m para nossos alunos. Conhecemos e aprendemos juntos muito da hist\u00f3ria da escrita e como ela se desenvolveu ao longo dos ano&#8221;. Ainda de acordo com a professora, &#8220;a nossa visita ao Museu n\u00e3o foi por acaso. Nossos alunos est\u00e3o participando do Projeto da Secretaria Municipal de Educa\u00e7\u00e3o, que \u00e9 o Concurso Experi\u00eancia Pedag\u00f3gica. E n\u00f3s da Escola Jo\u00e3o Botelho, decidimos desenvolver o projeto, &#8220;Aconteceu, Virou Not\u00edcia &#8211; Botelhinho em A\u00e7\u00e3o&#8221;. O objetivo dos estudantes \u00e9 realizar trabalhos destacando acontecimentos do nosso cotidiano da nossa cidade, conhecer a hist\u00f3ria da imprensa local e no m\u00eas de agosto, publicar um jornalzinho com textos produzidos pelos alunos, com, capa, contra capa e oito p\u00e1ginas. Vamos produzir cerca de 200 exemplares&#8221;. Sobre a visita dos alunos ao Memorial da Escrita Maur\u00edcio Rosa, a professora Eliana, disse que, &#8220;nos e os alunos ficamos maravilhados com o acervo, a hist\u00f3ria e as ferramentas utilizadas atrav\u00e9s dos tempos para se imprimir jornais, revistas entre outros. O que chagaram mais aten\u00e7\u00e3o dos alunos foram as m\u00e1quinas de datilografia e a prensa. Foi uma grande aula de hist\u00f3ria na pr\u00e1tica pra todo mundo&#8221;, concluiu a professora Eliana.<\/p>\n","protected":false},"excerpt":{"rendered":"<p>Para estudantes de v\u00e1rias idades de Arax\u00e1 e at\u00e9 para escritores de outros estados, o in\u00edcio do m\u00eas de julho,<\/p>\n","protected":false},"author":2,"featured_media":5705,"comment_status":"open","ping_status":"open","sticky":false,"template":"","format":"standard","meta":{"footnotes":""},"categories":[9,5,11],"tags":[],"class_list":["post-5704","post","type-post","status-publish","format-standard","has-post-thumbnail","hentry","category-araxa","category-arte-e-cultura","category-destaques"],"_links":{"self":[{"href":"http:\/\/blogdoarmindomaia.com.br\/index.php?rest_route=\/wp\/v2\/posts\/5704","targetHints":{"allow":["GET"]}}],"collection":[{"href":"http:\/\/blogdoarmindomaia.com.br\/index.php?rest_route=\/wp\/v2\/posts"}],"about":[{"href":"http:\/\/blogdoarmindomaia.com.br\/index.php?rest_route=\/wp\/v2\/types\/post"}],"author":[{"embeddable":true,"href":"http:\/\/blogdoarmindomaia.com.br\/index.php?rest_route=\/wp\/v2\/users\/2"}],"replies":[{"embeddable":true,"href":"http:\/\/blogdoarmindomaia.com.br\/index.php?rest_route=%2Fwp%2Fv2%2Fcomments&post=5704"}],"version-history":[{"count":1,"href":"http:\/\/blogdoarmindomaia.com.br\/index.php?rest_route=\/wp\/v2\/posts\/5704\/revisions"}],"predecessor-version":[{"id":5711,"href":"http:\/\/blogdoarmindomaia.com.br\/index.php?rest_route=\/wp\/v2\/posts\/5704\/revisions\/5711"}],"wp:featuredmedia":[{"embeddable":true,"href":"http:\/\/blogdoarmindomaia.com.br\/index.php?rest_route=\/wp\/v2\/media\/5705"}],"wp:attachment":[{"href":"http:\/\/blogdoarmindomaia.com.br\/index.php?rest_route=%2Fwp%2Fv2%2Fmedia&parent=5704"}],"wp:term":[{"taxonomy":"category","embeddable":true,"href":"http:\/\/blogdoarmindomaia.com.br\/index.php?rest_route=%2Fwp%2Fv2%2Fcategories&post=5704"},{"taxonomy":"post_tag","embeddable":true,"href":"http:\/\/blogdoarmindomaia.com.br\/index.php?rest_route=%2Fwp%2Fv2%2Ftags&post=5704"}],"curies":[{"name":"wp","href":"https:\/\/api.w.org\/{rel}","templated":true}]}}