{"id":5718,"date":"2023-07-17T11:07:58","date_gmt":"2023-07-17T14:07:58","guid":{"rendered":"http:\/\/blogdoarmindomaia.com.br\/?p=5718"},"modified":"2023-07-17T11:08:00","modified_gmt":"2023-07-17T14:08:00","slug":"convocacao-para-regularizacao-fundiaria-em-araxa","status":"publish","type":"post","link":"http:\/\/blogdoarmindomaia.com.br\/?p=5718","title":{"rendered":"Convoca\u00e7\u00e3o para regulariza\u00e7\u00e3o fundi\u00e1ria em Arax\u00e1"},"content":{"rendered":"\n<figure class=\"wp-block-image size-large is-style-default\"><img loading=\"lazy\" decoding=\"async\" width=\"1024\" height=\"768\" src=\"http:\/\/blogdoarmindomaia.com.br\/wp-content\/uploads\/2023\/07\/Convocacao-para-regularizacao-fundiaria-em-Araxa-pag-04-1024x768.jpeg\" alt=\"\" class=\"wp-image-5719\" srcset=\"http:\/\/blogdoarmindomaia.com.br\/wp-content\/uploads\/2023\/07\/Convocacao-para-regularizacao-fundiaria-em-Araxa-pag-04-1024x768.jpeg 1024w, http:\/\/blogdoarmindomaia.com.br\/wp-content\/uploads\/2023\/07\/Convocacao-para-regularizacao-fundiaria-em-Araxa-pag-04-300x225.jpeg 300w, http:\/\/blogdoarmindomaia.com.br\/wp-content\/uploads\/2023\/07\/Convocacao-para-regularizacao-fundiaria-em-Araxa-pag-04-768x576.jpeg 768w, http:\/\/blogdoarmindomaia.com.br\/wp-content\/uploads\/2023\/07\/Convocacao-para-regularizacao-fundiaria-em-Araxa-pag-04-1536x1152.jpeg 1536w, http:\/\/blogdoarmindomaia.com.br\/wp-content\/uploads\/2023\/07\/Convocacao-para-regularizacao-fundiaria-em-Araxa-pag-04.jpeg 1600w\" sizes=\"auto, (max-width: 1024px) 100vw, 1024px\" \/><\/figure>\n\n\n\n<p>A Secretaria Municipal de A\u00e7\u00e3o Social est\u00e1 convocando a popula\u00e7\u00e3o atrav\u00e9s de cartas para a Regulariza\u00e7\u00e3o Fundi\u00e1ria Urbana de Im\u00f3veis (Reurb), por meio do Programa Meu Lar. As cartas emitidas pela secretaria est\u00e3o sendo entregues nas resid\u00eancias com o objetivo de refor\u00e7ar a ades\u00e3o ao programa.<br><br>O projeto busca garantir o direito \u00e0 moradia da popula\u00e7\u00e3o que reside em terrenos informais localizados nas \u00e1reas urbanas por meio da Reurb e da titulariza\u00e7\u00e3o de seus ocupantes, promovendo a incorpora\u00e7\u00e3o dos n\u00facleos urbanos informais ao ordenamento territorial urbano.<br><br>Os atendimentos referem-se a im\u00f3veis de 10 bairros &#8211; Boa Vista, S\u00e3o Domingos, Bom Jesus, Francisco Duarte, Ana Pinto de Almeida, Santa Maria, Aboli\u00e7\u00e3o, Adhemar Rodrigues Valle, Odilon Jos\u00e9 Carneiro (Recanto das Mangueiras) e Domingos Zema.<br><br>O secret\u00e1rio municipal de A\u00e7\u00e3o Social, Wagner Cruz, reafirma a import\u00e2ncia do projeto. \u201cA Reurb \u00e9 fundamental porque, al\u00e9m de proporcionar a escritura de forma legal tamb\u00e9m, abrir\u00e1 a oportunidade de entrar em linhas de cr\u00e9dito junto a institui\u00e7\u00f5es financeiras para fazer melhorias\u201d, afirma.<br><br>Os interessados devem procurar os N\u00facleos de Conviv\u00eancias, os Centros de Refer\u00eancia de Assist\u00eancia Social (CRAS) mais pr\u00f3ximos de sua resid\u00eancia ou \u00e0 sede da Secretaria Municipal de A\u00e7\u00e3o Social &#8211; avenida Get\u00falio Vargas, n\u00ba 205, Centro, para realizar o cadastro.<br><br>\u00c9 necess\u00e1rio apresentar o documento de posse do espa\u00e7o em nome do benefici\u00e1rio e documento atestando a exist\u00eancia do im\u00f3vel anterior \u00e0 data de 22 de dezembro de 2016, al\u00e9m dos documentos pessoais (CPF e RG), comprovante de endere\u00e7o atualizado e Certid\u00e3o de Nascimento. \u00c9 necess\u00e1rio tamb\u00e9m levar documenta\u00e7\u00e3o que comprove o estado civil caso o interessado seja casado, divorciado ou esteja em uni\u00e3o est\u00e1vel.<\/p>\n","protected":false},"excerpt":{"rendered":"<p>A Secretaria Municipal de A\u00e7\u00e3o Social est\u00e1 convocando a popula\u00e7\u00e3o atrav\u00e9s de cartas para a Regulariza\u00e7\u00e3o Fundi\u00e1ria Urbana de Im\u00f3veis<\/p>\n","protected":false},"author":2,"featured_media":5719,"comment_status":"open","ping_status":"open","sticky":false,"template":"","format":"standard","meta":{"footnotes":""},"categories":[9,11],"tags":[],"class_list":["post-5718","post","type-post","status-publish","format-standard","has-post-thumbnail","hentry","category-araxa","category-destaques"],"_links":{"self":[{"href":"http:\/\/blogdoarmindomaia.com.br\/index.php?rest_route=\/wp\/v2\/posts\/5718","targetHints":{"allow":["GET"]}}],"collection":[{"href":"http:\/\/blogdoarmindomaia.com.br\/index.php?rest_route=\/wp\/v2\/posts"}],"about":[{"href":"http:\/\/blogdoarmindomaia.com.br\/index.php?rest_route=\/wp\/v2\/types\/post"}],"author":[{"embeddable":true,"href":"http:\/\/blogdoarmindomaia.com.br\/index.php?rest_route=\/wp\/v2\/users\/2"}],"replies":[{"embeddable":true,"href":"http:\/\/blogdoarmindomaia.com.br\/index.php?rest_route=%2Fwp%2Fv2%2Fcomments&post=5718"}],"version-history":[{"count":1,"href":"http:\/\/blogdoarmindomaia.com.br\/index.php?rest_route=\/wp\/v2\/posts\/5718\/revisions"}],"predecessor-version":[{"id":5720,"href":"http:\/\/blogdoarmindomaia.com.br\/index.php?rest_route=\/wp\/v2\/posts\/5718\/revisions\/5720"}],"wp:featuredmedia":[{"embeddable":true,"href":"http:\/\/blogdoarmindomaia.com.br\/index.php?rest_route=\/wp\/v2\/media\/5719"}],"wp:attachment":[{"href":"http:\/\/blogdoarmindomaia.com.br\/index.php?rest_route=%2Fwp%2Fv2%2Fmedia&parent=5718"}],"wp:term":[{"taxonomy":"category","embeddable":true,"href":"http:\/\/blogdoarmindomaia.com.br\/index.php?rest_route=%2Fwp%2Fv2%2Fcategories&post=5718"},{"taxonomy":"post_tag","embeddable":true,"href":"http:\/\/blogdoarmindomaia.com.br\/index.php?rest_route=%2Fwp%2Fv2%2Ftags&post=5718"}],"curies":[{"name":"wp","href":"https:\/\/api.w.org\/{rel}","templated":true}]}}