{"id":5724,"date":"2023-07-18T11:10:46","date_gmt":"2023-07-18T14:10:46","guid":{"rendered":"http:\/\/blogdoarmindomaia.com.br\/?p=5724"},"modified":"2023-07-18T11:10:48","modified_gmt":"2023-07-18T14:10:48","slug":"sugeridas-pelo-vereador-raphael-rios-salas-modulares-ampliam-300-vagas-no-ensino-infantil","status":"publish","type":"post","link":"http:\/\/blogdoarmindomaia.com.br\/?p=5724","title":{"rendered":"Sugeridas pelo vereador Raphael Rios, salas modulares ampliam 300 vagas no ensino infantil"},"content":{"rendered":"\n<figure class=\"wp-block-image size-large is-style-default\"><img loading=\"lazy\" decoding=\"async\" width=\"1024\" height=\"577\" src=\"http:\/\/blogdoarmindomaia.com.br\/wp-content\/uploads\/2023\/07\/WhatsApp-Image-2023-07-11-at-17.36.05-1024x577.jpeg\" alt=\"\" class=\"wp-image-5725\" srcset=\"http:\/\/blogdoarmindomaia.com.br\/wp-content\/uploads\/2023\/07\/WhatsApp-Image-2023-07-11-at-17.36.05-1024x577.jpeg 1024w, http:\/\/blogdoarmindomaia.com.br\/wp-content\/uploads\/2023\/07\/WhatsApp-Image-2023-07-11-at-17.36.05-300x169.jpeg 300w, http:\/\/blogdoarmindomaia.com.br\/wp-content\/uploads\/2023\/07\/WhatsApp-Image-2023-07-11-at-17.36.05-768x433.jpeg 768w, http:\/\/blogdoarmindomaia.com.br\/wp-content\/uploads\/2023\/07\/WhatsApp-Image-2023-07-11-at-17.36.05.jpeg 1092w\" sizes=\"auto, (max-width: 1024px) 100vw, 1024px\" \/><\/figure>\n\n\n\n<figure class=\"wp-block-image size-large is-style-default\"><img loading=\"lazy\" decoding=\"async\" width=\"1024\" height=\"577\" src=\"http:\/\/blogdoarmindomaia.com.br\/wp-content\/uploads\/2023\/07\/WhatsApp-Image-2023-07-11-at-17.36.18-1024x577.jpeg\" alt=\"\" class=\"wp-image-5726\" srcset=\"http:\/\/blogdoarmindomaia.com.br\/wp-content\/uploads\/2023\/07\/WhatsApp-Image-2023-07-11-at-17.36.18-1024x577.jpeg 1024w, http:\/\/blogdoarmindomaia.com.br\/wp-content\/uploads\/2023\/07\/WhatsApp-Image-2023-07-11-at-17.36.18-300x169.jpeg 300w, http:\/\/blogdoarmindomaia.com.br\/wp-content\/uploads\/2023\/07\/WhatsApp-Image-2023-07-11-at-17.36.18-768x433.jpeg 768w, http:\/\/blogdoarmindomaia.com.br\/wp-content\/uploads\/2023\/07\/WhatsApp-Image-2023-07-11-at-17.36.18.jpeg 1092w\" sizes=\"auto, (max-width: 1024px) 100vw, 1024px\" \/><\/figure>\n\n\n\n<p>Uma medida implantada em grandes centros tamb\u00e9m est\u00e1 sendo adotada em Arax\u00e1 e permitindo a amplia\u00e7\u00e3o das vagas no ensino infantil das escolas municipais. Desde que foram sugeridas pelo vereador Raphael Rios \u00e0 Secretaria de Educa\u00e7\u00e3o, j\u00e1 foram implantadas 12 salas modulares nas escolas da rede municipal, o que permitiu a amplia\u00e7\u00e3o de cerca de 300 vagas para crian\u00e7as de 2, 3, 4 e 5 anos em 2022. A previs\u00e3o \u00e9 que mais 200 vagas sejam criadas at\u00e9 o final de 2023.<\/p>\n\n\n\n<p>No in\u00edcio de 2022, o vereador Raphael Rios levou a secret\u00e1ria de Educa\u00e7\u00e3o, Zulma Moreira, para conhecer as salas modulares da Escola Infantil Centro de Desenvolvimento Humano (CDH) e sugeriu a implanta\u00e7\u00e3o do modelo nas escolas municipais para ampliar a oferta de vagas na educa\u00e7\u00e3o infantil que era uma dificuldade \u00e0 \u00e9poca. Desde ent\u00e3o, Zulma e sua equipe t\u00eam conseguido, com sucesso, a implanta\u00e7\u00e3o dos m\u00f3dulos em unidades de ensino com maior demanda por vagas.<\/p>\n\n\n\n<p>Raphael visitou os quatro Centros Municipais de Educa\u00e7\u00e3o Infantil (Cemeis) que receberam as salas modulares e destaca a import\u00e2ncia do trabalho de fiscaliza\u00e7\u00e3o realizado como vereador. \u201cQuando o vereador apresenta uma solu\u00e7\u00e3o como a amplia\u00e7\u00e3o de mais de 300 vagas, \u00e9 o resultado de um trabalho para 300 crian\u00e7as e suas fam\u00edlias, que agora t\u00eam onde deixar seus filhos para trabalhar e para que possam levar o sustento para dentro de suas casas. Estamos falando no melhor para a crian\u00e7a, que \u00e9 estar dentro de uma sala de aula.\u201d<\/p>\n\n\n\n<p>De acordo com a Secretaria de Educa\u00e7\u00e3o, a Prefeitura de Arax\u00e1 investiu em 2022 com a aquisi\u00e7\u00e3o de 12 salas e 5 banheiros um total de R$ 1.914.400,00. Para 2023, o investimento \u00e9 de R$ 2.750.600,90, com a aquisi\u00e7\u00e3o de 12 salas, 5 banheiros e 24 marquises. Ao todo foram investidos um total de R$4.665.000,90.<\/p>\n\n\n\n<p>Veja abaixo a rela\u00e7\u00e3o das escolas que foram beneficiadas com as salas modulares em 2022:<\/p>\n\n\n\n<p>\u2022 CEMEI Doralice Afonso de Azevedo \u2013 Duas salas implantadas; 85 vagas ampliadas para alunos de 5 anos;<\/p>\n\n\n\n<p>\u2022 CEMEI Dalva Santos Zema \u2013 Duas salas implantadas; 48 vagas ampliadas, para alunos de 4 e 5 anos;<\/p>\n\n\n\n<p>\u2022 CEMEI Marlene Braga Guimar\u00e3es \u2013 Quatro salas implantadas; 77 vagas ampliadas, para alunos de 2 a 4 anos;<\/p>\n\n\n\n<p>\u2022 CEMEI Querobina Gomes Borges \u2013 Quatro salas implantadas; 87 vagas ampliadas, para alunos de 3 a 5 anos.<\/p>\n\n\n\n<p>Veja abaixo a rela\u00e7\u00e3o das escolas que ser\u00e3o beneficiadas com as salas modulares em 2023:<\/p>\n\n\n\n<p>\u2022 CEMEI Araci Pedrelina de Lima \u2013 Quatro salas implantadas; 72 vagas ampliadas para alunos de 1 a 3 anos;<\/p>\n\n\n\n<p>\u2022 CEMEI Professora Maria das D\u00f4res Faria da Fonseca \u2013 Tr\u00eas salas implantadas; 26 vagas ampliadas para alunos de 4 meses \u00e0 1 ano;<\/p>\n\n\n\n<p>\u2022 CEMEI Sarah Valle Abrah\u00e3o \u2013 Duas salas implantadas; 34 vagas ampliadas para alunos de 1 a 2 anos;<\/p>\n\n\n\n<p>\u2022 E.M. Agar de Afonseca e Silva \u2013 Tr\u00eas salas implantadas; 60 vagas para alunos de 6 a 10 anos.<\/p>\n","protected":false},"excerpt":{"rendered":"<p>Uma medida implantada em grandes centros tamb\u00e9m est\u00e1 sendo adotada em Arax\u00e1 e permitindo a amplia\u00e7\u00e3o das vagas no ensino<\/p>\n","protected":false},"author":2,"featured_media":5725,"comment_status":"open","ping_status":"open","sticky":false,"template":"","format":"standard","meta":{"footnotes":""},"categories":[9,11],"tags":[],"class_list":["post-5724","post","type-post","status-publish","format-standard","has-post-thumbnail","hentry","category-araxa","category-destaques"],"_links":{"self":[{"href":"http:\/\/blogdoarmindomaia.com.br\/index.php?rest_route=\/wp\/v2\/posts\/5724","targetHints":{"allow":["GET"]}}],"collection":[{"href":"http:\/\/blogdoarmindomaia.com.br\/index.php?rest_route=\/wp\/v2\/posts"}],"about":[{"href":"http:\/\/blogdoarmindomaia.com.br\/index.php?rest_route=\/wp\/v2\/types\/post"}],"author":[{"embeddable":true,"href":"http:\/\/blogdoarmindomaia.com.br\/index.php?rest_route=\/wp\/v2\/users\/2"}],"replies":[{"embeddable":true,"href":"http:\/\/blogdoarmindomaia.com.br\/index.php?rest_route=%2Fwp%2Fv2%2Fcomments&post=5724"}],"version-history":[{"count":1,"href":"http:\/\/blogdoarmindomaia.com.br\/index.php?rest_route=\/wp\/v2\/posts\/5724\/revisions"}],"predecessor-version":[{"id":5727,"href":"http:\/\/blogdoarmindomaia.com.br\/index.php?rest_route=\/wp\/v2\/posts\/5724\/revisions\/5727"}],"wp:featuredmedia":[{"embeddable":true,"href":"http:\/\/blogdoarmindomaia.com.br\/index.php?rest_route=\/wp\/v2\/media\/5725"}],"wp:attachment":[{"href":"http:\/\/blogdoarmindomaia.com.br\/index.php?rest_route=%2Fwp%2Fv2%2Fmedia&parent=5724"}],"wp:term":[{"taxonomy":"category","embeddable":true,"href":"http:\/\/blogdoarmindomaia.com.br\/index.php?rest_route=%2Fwp%2Fv2%2Fcategories&post=5724"},{"taxonomy":"post_tag","embeddable":true,"href":"http:\/\/blogdoarmindomaia.com.br\/index.php?rest_route=%2Fwp%2Fv2%2Ftags&post=5724"}],"curies":[{"name":"wp","href":"https:\/\/api.w.org\/{rel}","templated":true}]}}