{"id":5738,"date":"2023-07-18T14:33:41","date_gmt":"2023-07-18T17:33:41","guid":{"rendered":"http:\/\/blogdoarmindomaia.com.br\/?p=5738"},"modified":"2023-07-18T14:33:43","modified_gmt":"2023-07-18T17:33:43","slug":"projeto-cesta-na-educacao-forma-novos-treinadores-e-capacita-alunos","status":"publish","type":"post","link":"http:\/\/blogdoarmindomaia.com.br\/?p=5738","title":{"rendered":"Projeto Cesta na Educa\u00e7\u00e3o forma novos treinadores e capacita \u00a0alunos"},"content":{"rendered":"\n<figure class=\"wp-block-image size-full is-style-default\"><img loading=\"lazy\" decoding=\"async\" width=\"1024\" height=\"683\" src=\"http:\/\/blogdoarmindomaia.com.br\/wp-content\/uploads\/2023\/07\/Cesta-na-Educacao-2.jpeg\" alt=\"\" class=\"wp-image-5739\" srcset=\"http:\/\/blogdoarmindomaia.com.br\/wp-content\/uploads\/2023\/07\/Cesta-na-Educacao-2.jpeg 1024w, http:\/\/blogdoarmindomaia.com.br\/wp-content\/uploads\/2023\/07\/Cesta-na-Educacao-2-300x200.jpeg 300w, http:\/\/blogdoarmindomaia.com.br\/wp-content\/uploads\/2023\/07\/Cesta-na-Educacao-2-768x512.jpeg 768w\" sizes=\"auto, (max-width: 1024px) 100vw, 1024px\" \/><\/figure>\n\n\n\n<figure class=\"wp-block-image size-full is-style-default\"><img loading=\"lazy\" decoding=\"async\" width=\"1024\" height=\"683\" src=\"http:\/\/blogdoarmindomaia.com.br\/wp-content\/uploads\/2023\/07\/Cesta-na-Educacao-8.jpeg\" alt=\"\" class=\"wp-image-5740\" srcset=\"http:\/\/blogdoarmindomaia.com.br\/wp-content\/uploads\/2023\/07\/Cesta-na-Educacao-8.jpeg 1024w, http:\/\/blogdoarmindomaia.com.br\/wp-content\/uploads\/2023\/07\/Cesta-na-Educacao-8-300x200.jpeg 300w, http:\/\/blogdoarmindomaia.com.br\/wp-content\/uploads\/2023\/07\/Cesta-na-Educacao-8-768x512.jpeg 768w\" sizes=\"auto, (max-width: 1024px) 100vw, 1024px\" \/><\/figure>\n\n\n\n<p>Motivar educadores f\u00edsicos e incentivar a pr\u00e1tica esportiva para crian\u00e7as e adolescentes. Esse \u00e9 objetivo do projeto Cesta na Educa\u00e7\u00e3o, que, com o apoio da Secretaria Municipal de Esportes, realizou a forma\u00e7\u00e3o de novos profissionais para as aulas de basquete e capacitou crian\u00e7as e adolescente sobre as novas regras da modalidade, no \u00faltimo s\u00e1bado (15).<br><br>Ministrada pelo t\u00e9cnico de basquete e atual treinador de time na Alemanha, Frederico Rocha, a prepara\u00e7\u00e3o aconteceu no Gin\u00e1sio Jo\u00e3o Elmiro Manoel, no bairro S\u00e3o Geraldo, onde as aulas s\u00e3o desenvolvidas duas vezes por semana.<br><br>O treinamento contou com as presen\u00e7as do assessor de Especializados, Adolfo Maur\u00edcio da Silva, do supervisor Rodrigo C\u00e9sar Silva, do coordenador Yghor Gomes e dos professores Fabr\u00edcio Laert e T\u00falio Ribeiro.<br><br>O projeto \u00e9 uma iniciativa da Associa\u00e7\u00e3o Educacional de Desenvolvimento Esportivo e Cultural (Aedec Brasil), que leva de forma gratuita o basquete para crian\u00e7as e adolescentes em Arax\u00e1 desde setembro de 2021.<br><br>A iniciativa conta com o apoio da Prefeitura de Arax\u00e1, com a cess\u00e3o dos espa\u00e7os e a articula\u00e7\u00e3o junto \u00e0s escolas para a divulga\u00e7\u00e3o das atividades, al\u00e9m do patroc\u00ednio da Cemig e \u00e9 viabilizado pela Lei Federal de Incentivo ao Esporte (LIE). Atualmente, cerca de 45 alunos entre 8 e 18 anos participam das atividades.<br><br>Segundo o supervisor Rodrigo C\u00e9sar, o principal objetivo da forma\u00e7\u00e3o \u00e9 oferecer conhecimento te\u00f3rico sobre as regras do basquete. \u201cFoi um momento de troca de informa\u00e7\u00f5es e experi\u00eancias. \u00c9 fundamental para que a motiva\u00e7\u00e3o, o empenho e a desenvoltura sejam constantes durante as atividades\u201d, afirma.<br><br>O secret\u00e1rio Municipal de Esportes, Jos\u00e9 Antunes Soares J\u00fanior (Ded\u00e9), ressalta que a parceria da Administra\u00e7\u00e3o Municipal com projetos sociais esportivos \u00e9 de extrema import\u00e2ncia e faz toda a diferen\u00e7a na vida de crian\u00e7as e adolescentes.<br><br>\u201cProjetos como este n\u00e3o trabalham apenas com o desenvolvimento f\u00edsico e a coordena\u00e7\u00e3o motora dos participantes, mas tamb\u00e9m com a sa\u00fade mental, com a inclus\u00e3o social e valores \u00e9ticos que, com toda certeza, os tornar\u00e3o cidad\u00e3os de bem no futuro\u201d, de<\/p>\n","protected":false},"excerpt":{"rendered":"<p>Motivar educadores f\u00edsicos e incentivar a pr\u00e1tica esportiva para crian\u00e7as e adolescentes. Esse \u00e9 objetivo do projeto Cesta na Educa\u00e7\u00e3o,<\/p>\n","protected":false},"author":2,"featured_media":5740,"comment_status":"open","ping_status":"open","sticky":false,"template":"","format":"standard","meta":{"footnotes":""},"categories":[9,11,15],"tags":[],"class_list":["post-5738","post","type-post","status-publish","format-standard","has-post-thumbnail","hentry","category-araxa","category-destaques","category-esportes"],"_links":{"self":[{"href":"http:\/\/blogdoarmindomaia.com.br\/index.php?rest_route=\/wp\/v2\/posts\/5738","targetHints":{"allow":["GET"]}}],"collection":[{"href":"http:\/\/blogdoarmindomaia.com.br\/index.php?rest_route=\/wp\/v2\/posts"}],"about":[{"href":"http:\/\/blogdoarmindomaia.com.br\/index.php?rest_route=\/wp\/v2\/types\/post"}],"author":[{"embeddable":true,"href":"http:\/\/blogdoarmindomaia.com.br\/index.php?rest_route=\/wp\/v2\/users\/2"}],"replies":[{"embeddable":true,"href":"http:\/\/blogdoarmindomaia.com.br\/index.php?rest_route=%2Fwp%2Fv2%2Fcomments&post=5738"}],"version-history":[{"count":1,"href":"http:\/\/blogdoarmindomaia.com.br\/index.php?rest_route=\/wp\/v2\/posts\/5738\/revisions"}],"predecessor-version":[{"id":5741,"href":"http:\/\/blogdoarmindomaia.com.br\/index.php?rest_route=\/wp\/v2\/posts\/5738\/revisions\/5741"}],"wp:featuredmedia":[{"embeddable":true,"href":"http:\/\/blogdoarmindomaia.com.br\/index.php?rest_route=\/wp\/v2\/media\/5740"}],"wp:attachment":[{"href":"http:\/\/blogdoarmindomaia.com.br\/index.php?rest_route=%2Fwp%2Fv2%2Fmedia&parent=5738"}],"wp:term":[{"taxonomy":"category","embeddable":true,"href":"http:\/\/blogdoarmindomaia.com.br\/index.php?rest_route=%2Fwp%2Fv2%2Fcategories&post=5738"},{"taxonomy":"post_tag","embeddable":true,"href":"http:\/\/blogdoarmindomaia.com.br\/index.php?rest_route=%2Fwp%2Fv2%2Ftags&post=5738"}],"curies":[{"name":"wp","href":"https:\/\/api.w.org\/{rel}","templated":true}]}}