{"id":5742,"date":"2023-07-18T14:38:50","date_gmt":"2023-07-18T17:38:50","guid":{"rendered":"http:\/\/blogdoarmindomaia.com.br\/?p=5742"},"modified":"2023-07-18T14:38:53","modified_gmt":"2023-07-18T17:38:53","slug":"fundacao-cultural-calmon-barreto-e-entregue-a-comunidade-totalmente-revitalizada","status":"publish","type":"post","link":"http:\/\/blogdoarmindomaia.com.br\/?p=5742","title":{"rendered":"Funda\u00e7\u00e3o Cultural Calmon Barreto \u00e9 entregue \u00e0 comunidade totalmente revitalizada"},"content":{"rendered":"\n<figure class=\"wp-block-image size-full is-style-default\"><img loading=\"lazy\" decoding=\"async\" width=\"1024\" height=\"683\" src=\"http:\/\/blogdoarmindomaia.com.br\/wp-content\/uploads\/2023\/07\/Fundacao-Cultural-Calmon-Barreto-e-entregue-a-comunidade-totalmente-revitalizada-pag-12.jpeg\" alt=\"\" class=\"wp-image-5743\" srcset=\"http:\/\/blogdoarmindomaia.com.br\/wp-content\/uploads\/2023\/07\/Fundacao-Cultural-Calmon-Barreto-e-entregue-a-comunidade-totalmente-revitalizada-pag-12.jpeg 1024w, http:\/\/blogdoarmindomaia.com.br\/wp-content\/uploads\/2023\/07\/Fundacao-Cultural-Calmon-Barreto-e-entregue-a-comunidade-totalmente-revitalizada-pag-12-300x200.jpeg 300w, http:\/\/blogdoarmindomaia.com.br\/wp-content\/uploads\/2023\/07\/Fundacao-Cultural-Calmon-Barreto-e-entregue-a-comunidade-totalmente-revitalizada-pag-12-768x512.jpeg 768w\" sizes=\"auto, (max-width: 1024px) 100vw, 1024px\" \/><\/figure>\n\n\n\n<figure class=\"wp-block-image size-full is-style-default\"><img loading=\"lazy\" decoding=\"async\" width=\"1024\" height=\"683\" src=\"http:\/\/blogdoarmindomaia.com.br\/wp-content\/uploads\/2023\/07\/inauguracao-fccb-26.jpeg\" alt=\"\" class=\"wp-image-5744\" srcset=\"http:\/\/blogdoarmindomaia.com.br\/wp-content\/uploads\/2023\/07\/inauguracao-fccb-26.jpeg 1024w, http:\/\/blogdoarmindomaia.com.br\/wp-content\/uploads\/2023\/07\/inauguracao-fccb-26-300x200.jpeg 300w, http:\/\/blogdoarmindomaia.com.br\/wp-content\/uploads\/2023\/07\/inauguracao-fccb-26-768x512.jpeg 768w\" sizes=\"auto, (max-width: 1024px) 100vw, 1024px\" \/><\/figure>\n\n\n\n<figure class=\"wp-block-image size-full is-style-default\"><img loading=\"lazy\" decoding=\"async\" width=\"1024\" height=\"683\" src=\"http:\/\/blogdoarmindomaia.com.br\/wp-content\/uploads\/2023\/07\/inauguracao-fccb-25.jpeg\" alt=\"\" class=\"wp-image-5745\" srcset=\"http:\/\/blogdoarmindomaia.com.br\/wp-content\/uploads\/2023\/07\/inauguracao-fccb-25.jpeg 1024w, http:\/\/blogdoarmindomaia.com.br\/wp-content\/uploads\/2023\/07\/inauguracao-fccb-25-300x200.jpeg 300w, http:\/\/blogdoarmindomaia.com.br\/wp-content\/uploads\/2023\/07\/inauguracao-fccb-25-768x512.jpeg 768w\" sizes=\"auto, (max-width: 1024px) 100vw, 1024px\" \/><\/figure>\n\n\n\n<p>Dos trilhos da antiga Esta\u00e7\u00e3o Ferrovi\u00e1ria Oeste de Minas a um espa\u00e7o que \u00e9 o ber\u00e7o da cultura em Arax\u00e1. Patrim\u00f4nio tombado do Munic\u00edpio, inaugurado em 1926, a sede da Funda\u00e7\u00e3o Cultural Calmon Barreto (FCCB) foi entregue \u00e0 comunidade totalmente restaurada na \u00faltima sexta-feira (14), em um evento que contou com exposi\u00e7\u00f5es, homenagens e apresenta\u00e7\u00f5es culturais.<br><br>Com um investimento de R$ 1.018.036,36, a interven\u00e7\u00e3o foi a maior j\u00e1 feita no local. De acordo com a presidente da FCCB, Cynthia Ver\u00e7osa, durante a manuten\u00e7\u00e3o, a estrutura arquitet\u00f4nica do pr\u00e9dio foi resguardada, e os novos reparos continuar\u00e3o garantindo a preserva\u00e7\u00e3o do im\u00f3vel.<br><br>\u201cA Administra\u00e7\u00e3o Municipal entregou para a comunidade um espa\u00e7o reformado, com todo o cuidado necess\u00e1rio. Era um pr\u00e9dio que estava sofrendo com problemas estruturais, que se intensificaram principalmente durante os per\u00edodos chuvosos. Agora, temos um espa\u00e7o arejado e bem cuidado\u201d, ressalta.<br><br>Presente na cerim\u00f4nia, a presidente do Instituto Estadual do Patrim\u00f4nio Hist\u00f3rico e Art\u00edstico de Minas Gerais (Iepha-MG), Mar\u00edlia Palhares Machado, avaliou a import\u00e2ncia da preserva\u00e7\u00e3o estrutural do pr\u00e9dio e a ressignifica\u00e7\u00e3o de novos usos ao espa\u00e7o.<br><br>\u201cN\u00f3s temos um pr\u00e9dio tombado, que \u00e9 a sede de uma Funda\u00e7\u00e3o Cultural. Por isso, ficamos muito tranquilos em saber que este patrim\u00f4nio est\u00e1 sendo compreendido em benef\u00edcio da sociedade. N\u00e3o \u00e9 s\u00f3 guardar, mas usar e ressignificar. Esta a\u00e7\u00e3o aponta a ades\u00e3o de Arax\u00e1 \u00e0 causa do patrim\u00f4nio\u201d, pontuou.<br><br>Al\u00e9m de Cynthia e Mar\u00edlia, o descerramento da placa de reinaugura\u00e7\u00e3o contou com a presen\u00e7a do secret\u00e1rio municipal de Governo, Rick Paranhos, que representou o prefeito Robson Magela no evento, do deputado Estadual Bosco, do presidente da C\u00e2mara Municipal, vereador Bosco J\u00fanior, servidores da FCCB, vereador Raphael Rios, demais autoridades e comunidade.<br><br><strong>Estrutura<br><\/strong><br>Quem foi ao evento, p\u00f4de visitar as salas e ver de perto o pr\u00e9dio revitalizado. A farmac\u00eautica Nice Fernandes trouxe o filho, Francisco Neto, de 6 anos, e reiterou a import\u00e2ncia do momento. \u201cEsta reinaugura\u00e7\u00e3o \u00e9 muito importante para a cultura da cidade. \u00c9 um momento para trazermos nossos filhos, contando \u00e0s crian\u00e7as toda uma hist\u00f3ria passada. A esta\u00e7\u00e3o faz parte da constru\u00e7\u00e3o dos habitantes da nossa cidade e de tudo o que ela \u00e9 hoje\u201d, diz.<br><br>O local ganhou ainda novos espa\u00e7os, como uma galeria a c\u00e9u aberto com obras de Calmon Barreto e banquinhos; um deck para apresenta\u00e7\u00f5es culturais e lan\u00e7amentos de livros; e um memorial em homenagem a Sebasti\u00e3o Alves Moreira, conhecido como \u2018Sebasti\u00e3o Carregador\u2019, que carregava de forma volunt\u00e1ria as malas dos passageiros durante os tempos da antiga Rede Ferrovi\u00e1ria.<br><br>O prefeito Robson Magela destaca o quanto a obra ir\u00e1 agregar na cultura de Arax\u00e1. \u201cEntregamos para a cidade um pr\u00e9dio totalmente reformado, que vai continuar fomentando a cultura local e ser palco para que muitos artistas mostrem o seu trabalho. \u00c9 um im\u00f3vel quase centen\u00e1rio e preservado para continuar sendo um belo cart\u00e3o postal da nossa cidade\u201d, ressalta o prefeito.<br><\/p>\n","protected":false},"excerpt":{"rendered":"<p>Dos trilhos da antiga Esta\u00e7\u00e3o Ferrovi\u00e1ria Oeste de Minas a um espa\u00e7o que \u00e9 o ber\u00e7o da cultura em Arax\u00e1.<\/p>\n","protected":false},"author":2,"featured_media":5744,"comment_status":"open","ping_status":"open","sticky":false,"template":"","format":"standard","meta":{"footnotes":""},"categories":[9,5,11],"tags":[],"class_list":["post-5742","post","type-post","status-publish","format-standard","has-post-thumbnail","hentry","category-araxa","category-arte-e-cultura","category-destaques"],"_links":{"self":[{"href":"http:\/\/blogdoarmindomaia.com.br\/index.php?rest_route=\/wp\/v2\/posts\/5742","targetHints":{"allow":["GET"]}}],"collection":[{"href":"http:\/\/blogdoarmindomaia.com.br\/index.php?rest_route=\/wp\/v2\/posts"}],"about":[{"href":"http:\/\/blogdoarmindomaia.com.br\/index.php?rest_route=\/wp\/v2\/types\/post"}],"author":[{"embeddable":true,"href":"http:\/\/blogdoarmindomaia.com.br\/index.php?rest_route=\/wp\/v2\/users\/2"}],"replies":[{"embeddable":true,"href":"http:\/\/blogdoarmindomaia.com.br\/index.php?rest_route=%2Fwp%2Fv2%2Fcomments&post=5742"}],"version-history":[{"count":1,"href":"http:\/\/blogdoarmindomaia.com.br\/index.php?rest_route=\/wp\/v2\/posts\/5742\/revisions"}],"predecessor-version":[{"id":5746,"href":"http:\/\/blogdoarmindomaia.com.br\/index.php?rest_route=\/wp\/v2\/posts\/5742\/revisions\/5746"}],"wp:featuredmedia":[{"embeddable":true,"href":"http:\/\/blogdoarmindomaia.com.br\/index.php?rest_route=\/wp\/v2\/media\/5744"}],"wp:attachment":[{"href":"http:\/\/blogdoarmindomaia.com.br\/index.php?rest_route=%2Fwp%2Fv2%2Fmedia&parent=5742"}],"wp:term":[{"taxonomy":"category","embeddable":true,"href":"http:\/\/blogdoarmindomaia.com.br\/index.php?rest_route=%2Fwp%2Fv2%2Fcategories&post=5742"},{"taxonomy":"post_tag","embeddable":true,"href":"http:\/\/blogdoarmindomaia.com.br\/index.php?rest_route=%2Fwp%2Fv2%2Ftags&post=5742"}],"curies":[{"name":"wp","href":"https:\/\/api.w.org\/{rel}","templated":true}]}}