{"id":5748,"date":"2023-07-19T14:44:02","date_gmt":"2023-07-19T17:44:02","guid":{"rendered":"http:\/\/blogdoarmindomaia.com.br\/?p=5748"},"modified":"2023-07-19T14:44:04","modified_gmt":"2023-07-19T17:44:04","slug":"extensao-da-uftm-em-araxa-avanca-e-reitoria-anuncia-visita-tecnica-em-agosto","status":"publish","type":"post","link":"http:\/\/blogdoarmindomaia.com.br\/?p=5748","title":{"rendered":"Extens\u00e3o da UFTM em Arax\u00e1 avan\u00e7a e reitoria anuncia visita t\u00e9cnica em agosto"},"content":{"rendered":"\n<figure class=\"wp-block-image size-full is-style-default\"><img loading=\"lazy\" decoding=\"async\" width=\"1024\" height=\"683\" src=\"http:\/\/blogdoarmindomaia.com.br\/wp-content\/uploads\/2023\/07\/Extensao-da-UFTM-em-Araxa-avanca-e-reitoria-anuncia-visita-pag-07.jpeg\" alt=\"\" class=\"wp-image-5749\" srcset=\"http:\/\/blogdoarmindomaia.com.br\/wp-content\/uploads\/2023\/07\/Extensao-da-UFTM-em-Araxa-avanca-e-reitoria-anuncia-visita-pag-07.jpeg 1024w, http:\/\/blogdoarmindomaia.com.br\/wp-content\/uploads\/2023\/07\/Extensao-da-UFTM-em-Araxa-avanca-e-reitoria-anuncia-visita-pag-07-300x200.jpeg 300w, http:\/\/blogdoarmindomaia.com.br\/wp-content\/uploads\/2023\/07\/Extensao-da-UFTM-em-Araxa-avanca-e-reitoria-anuncia-visita-pag-07-768x512.jpeg 768w\" sizes=\"auto, (max-width: 1024px) 100vw, 1024px\" \/><\/figure>\n\n\n\n<figure class=\"wp-block-image size-full is-style-default\"><img loading=\"lazy\" decoding=\"async\" width=\"1024\" height=\"683\" src=\"http:\/\/blogdoarmindomaia.com.br\/wp-content\/uploads\/2023\/07\/Extensao-da-UFTM-1.jpeg\" alt=\"\" class=\"wp-image-5750\" srcset=\"http:\/\/blogdoarmindomaia.com.br\/wp-content\/uploads\/2023\/07\/Extensao-da-UFTM-1.jpeg 1024w, http:\/\/blogdoarmindomaia.com.br\/wp-content\/uploads\/2023\/07\/Extensao-da-UFTM-1-300x200.jpeg 300w, http:\/\/blogdoarmindomaia.com.br\/wp-content\/uploads\/2023\/07\/Extensao-da-UFTM-1-768x512.jpeg 768w\" sizes=\"auto, (max-width: 1024px) 100vw, 1024px\" \/><\/figure>\n\n\n\n<p>O prefeito Robson Magela e a secret\u00e1ria municipal de Educa\u00e7\u00e3o Zulma Moreira, integraram uma comitiva que participou, em Uberaba, de mais uma etapa das tratativas para a extens\u00e3o de um campus da Universidade Federal do Tri\u00e2ngulo Mineiro (UFTM) em Arax\u00e1, a convite da nova reitora da entidade, professora Marinalva Vieira Barbosa.<br><br>Tamb\u00e9m participaram o deputado estadual Bosco, o presidente da C\u00e2mara Municipal de Arax\u00e1, Bosco J\u00fanior, o procurador geral do Munic\u00edpio, Jonathan Ferreira, os vereadores Raphael Rios e Leni Nobre, os prefeitos Roberto Bergamasco (Perdizes) e Rafael Ferreira Silva (Pedrin\u00f3polis), e equipe da Reitoria da UFTM.<br><br>Este encontro destacou mais um avan\u00e7o para a implanta\u00e7\u00e3o da UFTM em Arax\u00e1. Marinalva Vieira anunciou que uma equipe da reitoria far\u00e1 uma visita t\u00e9cnica na cidade na primeira semana de agosto, com o objetivo de verificar poss\u00edveis locais para abrigar o campus, al\u00e9m da defini\u00e7\u00e3o de viabilidade de cursos que ser\u00e3o ofertados.<br><br>Inicialmente, a contrapartida da Prefeitura de Arax\u00e1 ser\u00e1 providenciar o local para o funcionamento da UFTM e, posteriormente, ceder uma \u00e1rea para constru\u00e7\u00e3o da sede da universidade. Crit\u00e9rios como mobilidade urbana, seguran\u00e7a, ilumina\u00e7\u00e3o, estrutura para salas, laborat\u00f3rios, biblioteca e parte administrativa ser\u00e3o levados em conta para aprova\u00e7\u00e3o do projeto.<br><br>As adequa\u00e7\u00f5es dever\u00e3o ser realizadas por parte do Munic\u00edpio e as tratativas continuar\u00e3o conforme libera\u00e7\u00e3o de recursos pelo Minist\u00e9rio da Educa\u00e7\u00e3o (MEC).<br><br>De acordo com a reitora, a parceria entre a UFTM e o Munic\u00edpio tem relevante import\u00e2ncia neste processo. \u201cEssa demonstra\u00e7\u00e3o de apoio e toda a uni\u00e3o vista entre n\u00f3s, da UFTM, e a Administra\u00e7\u00e3o Municipal de Arax\u00e1 s\u00e3o os principais e fundamentais pontos para que a implanta\u00e7\u00e3o se consolide\u201d, afirma Marinalva Vieira.<br><br>A secret\u00e1ria Municipal de Educa\u00e7\u00e3o, Zulma Moreira, destaca que a cada encontro o sonho de ter um campus federal em Arax\u00e1 chega mais perto de se tornar real. \u201cA cada reuni\u00e3o com a equipe da UFTM e com o Governo Federal, um passo a mais rumo a essa concretiza\u00e7\u00e3o. O processo est\u00e1 sendo realizado com grande aten\u00e7\u00e3o e carinho para nossa popula\u00e7\u00e3o\u201d, reitera.<br><br>O deputado estadual Bosco comenta que um campus em Arax\u00e1 vai marcar a vida da popula\u00e7\u00e3o de Arax\u00e1 e regi\u00e3o. \u201cTrabalhar em prol da Educa\u00e7\u00e3o \u00e9 algo desafiador, mas temos certeza que, em breve, estaremos formando in\u00fameros profissionais por meio da Universidade Federal instalada na cidade\u201d, afirma<br><br>Segundo o prefeito Robson Magela, a receptividade por parte da Reitoria da UFTM est\u00e1 fazendo toda a diferen\u00e7a. \u201cEsse interesse \u00e9 de grande import\u00e2ncia na busca por melhorias na Educa\u00e7\u00e3o do Munic\u00edpio. Um sonho de muitos anos que Arax\u00e1 perdeu l\u00e1 atr\u00e1s, mas que agora est\u00e1 muito perto de ser realizado e que vai transformar os setores educacional e socioecon\u00f4mico da cidade\u201d, conclui.<\/p>\n","protected":false},"excerpt":{"rendered":"<p>O prefeito Robson Magela e a secret\u00e1ria municipal de Educa\u00e7\u00e3o Zulma Moreira, integraram uma comitiva que participou, em Uberaba, de<\/p>\n","protected":false},"author":2,"featured_media":5750,"comment_status":"open","ping_status":"open","sticky":false,"template":"","format":"standard","meta":{"footnotes":""},"categories":[9,11],"tags":[],"class_list":["post-5748","post","type-post","status-publish","format-standard","has-post-thumbnail","hentry","category-araxa","category-destaques"],"_links":{"self":[{"href":"http:\/\/blogdoarmindomaia.com.br\/index.php?rest_route=\/wp\/v2\/posts\/5748","targetHints":{"allow":["GET"]}}],"collection":[{"href":"http:\/\/blogdoarmindomaia.com.br\/index.php?rest_route=\/wp\/v2\/posts"}],"about":[{"href":"http:\/\/blogdoarmindomaia.com.br\/index.php?rest_route=\/wp\/v2\/types\/post"}],"author":[{"embeddable":true,"href":"http:\/\/blogdoarmindomaia.com.br\/index.php?rest_route=\/wp\/v2\/users\/2"}],"replies":[{"embeddable":true,"href":"http:\/\/blogdoarmindomaia.com.br\/index.php?rest_route=%2Fwp%2Fv2%2Fcomments&post=5748"}],"version-history":[{"count":1,"href":"http:\/\/blogdoarmindomaia.com.br\/index.php?rest_route=\/wp\/v2\/posts\/5748\/revisions"}],"predecessor-version":[{"id":5751,"href":"http:\/\/blogdoarmindomaia.com.br\/index.php?rest_route=\/wp\/v2\/posts\/5748\/revisions\/5751"}],"wp:featuredmedia":[{"embeddable":true,"href":"http:\/\/blogdoarmindomaia.com.br\/index.php?rest_route=\/wp\/v2\/media\/5750"}],"wp:attachment":[{"href":"http:\/\/blogdoarmindomaia.com.br\/index.php?rest_route=%2Fwp%2Fv2%2Fmedia&parent=5748"}],"wp:term":[{"taxonomy":"category","embeddable":true,"href":"http:\/\/blogdoarmindomaia.com.br\/index.php?rest_route=%2Fwp%2Fv2%2Fcategories&post=5748"},{"taxonomy":"post_tag","embeddable":true,"href":"http:\/\/blogdoarmindomaia.com.br\/index.php?rest_route=%2Fwp%2Fv2%2Ftags&post=5748"}],"curies":[{"name":"wp","href":"https:\/\/api.w.org\/{rel}","templated":true}]}}