{"id":5752,"date":"2023-07-19T14:48:11","date_gmt":"2023-07-19T17:48:11","guid":{"rendered":"http:\/\/blogdoarmindomaia.com.br\/?p=5752"},"modified":"2023-07-19T14:48:13","modified_gmt":"2023-07-19T17:48:13","slug":"assinatura-de-convenio-oficializa-implantacao-de-base-do-samu-em-araxa","status":"publish","type":"post","link":"http:\/\/blogdoarmindomaia.com.br\/?p=5752","title":{"rendered":"Assinatura de conv\u00eanio oficializa implanta\u00e7\u00e3o de base do Samu em Arax\u00e1"},"content":{"rendered":"\n<figure class=\"wp-block-image size-full is-style-default\"><img loading=\"lazy\" decoding=\"async\" width=\"1024\" height=\"683\" src=\"http:\/\/blogdoarmindomaia.com.br\/wp-content\/uploads\/2023\/07\/Assinatura-de-convenio-oficializa-implantacao-do-Samu-em-Araxa-pagg-07.jpeg\" alt=\"\" class=\"wp-image-5754\" srcset=\"http:\/\/blogdoarmindomaia.com.br\/wp-content\/uploads\/2023\/07\/Assinatura-de-convenio-oficializa-implantacao-do-Samu-em-Araxa-pagg-07.jpeg 1024w, http:\/\/blogdoarmindomaia.com.br\/wp-content\/uploads\/2023\/07\/Assinatura-de-convenio-oficializa-implantacao-do-Samu-em-Araxa-pagg-07-300x200.jpeg 300w, http:\/\/blogdoarmindomaia.com.br\/wp-content\/uploads\/2023\/07\/Assinatura-de-convenio-oficializa-implantacao-do-Samu-em-Araxa-pagg-07-768x512.jpeg 768w\" sizes=\"auto, (max-width: 1024px) 100vw, 1024px\" \/><\/figure>\n\n\n\n<p>O prefeito Robson Magela e a secret\u00e1ria municipal de Sa\u00fade, Cristiane Gon\u00e7alves Pereira, participaram da cerim\u00f4nia de assinatura do conv\u00eanio para a implanta\u00e7\u00e3o do Servi\u00e7o de Atendimento M\u00f3vel de Urg\u00eancia (Samu) na Macrorregi\u00e3o do Tri\u00e2ngulo Sul, que contempla Arax\u00e1 com uma base descentralizada.<br><br>O evento aconteceu na segunda-feira (17), em Uberaba, e tamb\u00e9m contou com as presen\u00e7as do governador do Estado de Minas Gerais, Romeu Zema; da presidente da Cistrisul e prefeita de Uberaba, Elisa Ara\u00fajo, do secret\u00e1rio de Estado de Sa\u00fade, F\u00e1bio Baccheretti; do deputado estadual Bosco; do presidente da C\u00e2mara Municipal de Arax\u00e1, Bosco J\u00fanior; do procurador geral do Munic\u00edpio, Jonathan Ferreira; do vereador Raphael Rios; e demais lideran\u00e7as e autoridades da regi\u00e3o.<br><br>O encontro oficializou a instala\u00e7\u00e3o de uma base do Samu na cidade, por meio de conv\u00eanio entre o Governo de Minas e o Cons\u00f3rcio P\u00fablico Intermunicipal de Sa\u00fade da Rede de Urg\u00eancia e Emerg\u00eancia da Macrorregi\u00e3o do Tri\u00e2ngulo Sul (Cistrisul).<br><br>A constru\u00e7\u00e3o da futura base de Arax\u00e1 ser\u00e1 realizada pela Prefeitura de Arax\u00e1, com investimentos de R$ 1.600.000,00, e ficar\u00e1 ao lado da Unidade de Pronto Atendimento (UPA 24h), com duas ambul\u00e2ncias (uma de suporte b\u00e1sico e uma de suporte avan\u00e7ado) e equipes de atendimento.<br><br>Para o vereador Raphael Rios, a assinatura \u00e9 uma das etapas mais importantes para a chegada do Samu em Arax\u00e1. \u201cEm 2021, em um momento cr\u00edtico p\u00f3s-pandemia, foi entregue, em m\u00e3os, o pedido de implanta\u00e7\u00e3o do servi\u00e7o na cidade para o governador Romeu Zema, enfatizando que Arax\u00e1 j\u00e1 estava em constante desenvolvimento e ainda n\u00e3o era contemplada com o Samu, t\u00e3o necess\u00e1rio para a regi\u00e3o. Ap\u00f3s in\u00fameras viagens, planejamentos e com enorme esfor\u00e7o da Administra\u00e7\u00e3o P\u00fablica, chegamos hoje a uma etapa extremamente importante para a Sa\u00fade da popula\u00e7\u00e3o\u201d, relata.<br><br>A secret\u00e1ria Cristiane Pereira afirma que a base descentralizada do Samu vai aumentar o tempo de resposta para o paciente que sofrer um trauma ou acidente. \u201cIsso vai permitir um atendimento com mais cuidado e hospitaliza\u00e7\u00e3o de forma digna, como a popula\u00e7\u00e3o merece. \u00c9 um momento de grande alegria e temos certeza que Arax\u00e1 est\u00e1 realmente fazendo hist\u00f3ria na Sa\u00fade\u201d, reitera a secret\u00e1ria.<br><br>O prefeito Robson Magela ressalta que a demanda pelo Samu reivindicada h\u00e1 anos pela popula\u00e7\u00e3o acaba de se tornar realidade. \u201cEstamos imensamente felizes em poder participar deste momento, que era um sonho, n\u00e3o somente para Arax\u00e1, mas para toda a regi\u00e3o. A implanta\u00e7\u00e3o do Samu no Munic\u00edpio est\u00e1 cada vez mais perto de ser concretizada\u201d, ressalta o prefeito.<\/p>\n","protected":false},"excerpt":{"rendered":"<p>O prefeito Robson Magela e a secret\u00e1ria municipal de Sa\u00fade, Cristiane Gon\u00e7alves Pereira, participaram da cerim\u00f4nia de assinatura do conv\u00eanio<\/p>\n","protected":false},"author":2,"featured_media":5754,"comment_status":"open","ping_status":"open","sticky":false,"template":"","format":"standard","meta":{"footnotes":""},"categories":[9,11],"tags":[],"class_list":["post-5752","post","type-post","status-publish","format-standard","has-post-thumbnail","hentry","category-araxa","category-destaques"],"_links":{"self":[{"href":"http:\/\/blogdoarmindomaia.com.br\/index.php?rest_route=\/wp\/v2\/posts\/5752","targetHints":{"allow":["GET"]}}],"collection":[{"href":"http:\/\/blogdoarmindomaia.com.br\/index.php?rest_route=\/wp\/v2\/posts"}],"about":[{"href":"http:\/\/blogdoarmindomaia.com.br\/index.php?rest_route=\/wp\/v2\/types\/post"}],"author":[{"embeddable":true,"href":"http:\/\/blogdoarmindomaia.com.br\/index.php?rest_route=\/wp\/v2\/users\/2"}],"replies":[{"embeddable":true,"href":"http:\/\/blogdoarmindomaia.com.br\/index.php?rest_route=%2Fwp%2Fv2%2Fcomments&post=5752"}],"version-history":[{"count":1,"href":"http:\/\/blogdoarmindomaia.com.br\/index.php?rest_route=\/wp\/v2\/posts\/5752\/revisions"}],"predecessor-version":[{"id":5755,"href":"http:\/\/blogdoarmindomaia.com.br\/index.php?rest_route=\/wp\/v2\/posts\/5752\/revisions\/5755"}],"wp:featuredmedia":[{"embeddable":true,"href":"http:\/\/blogdoarmindomaia.com.br\/index.php?rest_route=\/wp\/v2\/media\/5754"}],"wp:attachment":[{"href":"http:\/\/blogdoarmindomaia.com.br\/index.php?rest_route=%2Fwp%2Fv2%2Fmedia&parent=5752"}],"wp:term":[{"taxonomy":"category","embeddable":true,"href":"http:\/\/blogdoarmindomaia.com.br\/index.php?rest_route=%2Fwp%2Fv2%2Fcategories&post=5752"},{"taxonomy":"post_tag","embeddable":true,"href":"http:\/\/blogdoarmindomaia.com.br\/index.php?rest_route=%2Fwp%2Fv2%2Ftags&post=5752"}],"curies":[{"name":"wp","href":"https:\/\/api.w.org\/{rel}","templated":true}]}}