{"id":5759,"date":"2023-07-20T11:20:35","date_gmt":"2023-07-20T14:20:35","guid":{"rendered":"http:\/\/blogdoarmindomaia.com.br\/?p=5759"},"modified":"2023-07-20T11:20:38","modified_gmt":"2023-07-20T14:20:38","slug":"cbmm-conta-a-historia-do-atleta-tarlis-pierre-no-novo-episodio-da-serie-pessoas-que-transformam","status":"publish","type":"post","link":"http:\/\/blogdoarmindomaia.com.br\/?p=5759","title":{"rendered":"CBMM conta a hist\u00f3ria do atleta Tarlis Pierre no novo epis\u00f3dio da s\u00e9rie Pessoas que Transformam"},"content":{"rendered":"\n<p><em>O araxense \u00e9 campe\u00e3o brasileiro de handbike XCM<\/em><\/p>\n\n\n\n<figure class=\"wp-block-image size-large is-style-default\"><img loading=\"lazy\" decoding=\"async\" width=\"1024\" height=\"683\" src=\"http:\/\/blogdoarmindomaia.com.br\/wp-content\/uploads\/2023\/07\/CBMM-conta-a-historia-do-atleta-Tarlis-Pierre-pag-12-1024x683.jpg\" alt=\"\" class=\"wp-image-5760\" srcset=\"http:\/\/blogdoarmindomaia.com.br\/wp-content\/uploads\/2023\/07\/CBMM-conta-a-historia-do-atleta-Tarlis-Pierre-pag-12-1024x683.jpg 1024w, http:\/\/blogdoarmindomaia.com.br\/wp-content\/uploads\/2023\/07\/CBMM-conta-a-historia-do-atleta-Tarlis-Pierre-pag-12-300x200.jpg 300w, http:\/\/blogdoarmindomaia.com.br\/wp-content\/uploads\/2023\/07\/CBMM-conta-a-historia-do-atleta-Tarlis-Pierre-pag-12-768x512.jpg 768w, http:\/\/blogdoarmindomaia.com.br\/wp-content\/uploads\/2023\/07\/CBMM-conta-a-historia-do-atleta-Tarlis-Pierre-pag-12-1536x1024.jpg 1536w, http:\/\/blogdoarmindomaia.com.br\/wp-content\/uploads\/2023\/07\/CBMM-conta-a-historia-do-atleta-Tarlis-Pierre-pag-12-2048x1365.jpg 2048w\" sizes=\"auto, (max-width: 1024px) 100vw, 1024px\" \/><\/figure>\n\n\n\n<p>\u00c9 certo afirmar que o homenageado do mais novo epis\u00f3dio de \u201cPessoas que Transformam\u201d est\u00e1 sempre em movimento. Tarlis Pierre \u00e9 campe\u00e3o brasileiro e mineiro de handbike (bicicleta adaptada para ser conduzida com as m\u00e3os) e garantiu terceiro lugar na categoria XCM da \u00faltima edi\u00e7\u00e3o da Copa Internacional de Mountain Bike, realizada em Arax\u00e1. Exemplo de persist\u00eancia, garante que vai competir novamente e, dessa vez, em busca do ouro.<\/p>\n\n\n\n<p>Tarlis \u00e9 um dos protagonistas da cidade de Arax\u00e1 (MG) que proporcionam transforma\u00e7\u00e3o efetiva na sociedade por meio do esporte. A bicicleta sempre fez parte da vida do atleta, uma paix\u00e3o que est\u00e1 h\u00e1 v\u00e1rias gera\u00e7\u00f5es em sua fam\u00edlia. \u201cCresci em cima de uma bicicleta, e continuo crescendo, s\u00f3 que em uma handbike\u201d, afirma Tarlis, que adaptou o tipo de bike ap\u00f3s um acidente que o deixou parapl\u00e9gico em 2018.<\/p>\n\n\n\n<p>O acontecimento, que mudou sua vida, trouxe novos h\u00e1bitos ao atleta e ainda mais conex\u00e3o com os esportes. Hoje, quando n\u00e3o est\u00e1 pedalando, Tarlis pratica outras modalidades esportivas como motocross e paraglider. O novo estilo de vida e a disciplina do atleta s\u00e3o compartilhados diariamente em suas redes sociais, inspirando seus seguidores a superarem desafios.<\/p>\n\n\n\n<p>\u201cComecei a me sentir na obriga\u00e7\u00e3o de participar de eventos para mostrar que \u00e9 poss\u00edvel superar limites f\u00edsicos e mentais. Hoje, parentes e conhecidos de cadeirantes ou pessoas com quadro de depress\u00e3o me procuram e me usam como exemplo para incentiv\u00e1-los a praticarem esportes\u201d, afirma o atleta, que utiliza as suas atividades esportivas para incentivar pessoas do mundo inteiro a sa\u00edrem de sua zona de conforto, por meio de seus v\u00eddeos inspiradores.<\/p>\n\n\n\n<p>A s\u00e9rie \u201cPessoas que Transformam\u201d \u00e9 uma iniciativa da CBMM para dar visibilidade aos agentes locais que atuam em prol das comunidades de Arax\u00e1. \u201cTemos orgulho de apoiar a dissemina\u00e7\u00e3o das hist\u00f3rias de pessoas j\u00e1 reconhecidas pela comunidade araxaense e que merecem ainda mais visibilidade. Esses agentes locais genuinamente dedicam tempo e suas habilidades para ajudar o pr\u00f3ximo. Esperamos que esse projeto continue inspirando e que ganhe cada vez mais for\u00e7a\u201d, afirma Bianca Escane, coordenadora de Comunica\u00e7\u00e3o Corporativa e Responsabilidade Social da CBMM. Para acompanhar a iniciativa e conhecer mais sobre a hist\u00f3ria de Tarlis Pierre, acesse o canal da CBMM no Youtube:&nbsp;<a href=\"https:\/\/www.youtube.com\/c\/CBMM-global\/videos\" target=\"_blank\" rel=\"noreferrer noopener\">https:\/\/www.youtube.com\/c\/CBMM-global\/videos<\/a><\/p>\n","protected":false},"excerpt":{"rendered":"<p>O araxense \u00e9 campe\u00e3o brasileiro de handbike XCM \u00c9 certo afirmar que o homenageado do mais novo epis\u00f3dio de \u201cPessoas<\/p>\n","protected":false},"author":2,"featured_media":5760,"comment_status":"open","ping_status":"open","sticky":false,"template":"","format":"standard","meta":{"footnotes":""},"categories":[9,11],"tags":[],"class_list":["post-5759","post","type-post","status-publish","format-standard","has-post-thumbnail","hentry","category-araxa","category-destaques"],"_links":{"self":[{"href":"http:\/\/blogdoarmindomaia.com.br\/index.php?rest_route=\/wp\/v2\/posts\/5759","targetHints":{"allow":["GET"]}}],"collection":[{"href":"http:\/\/blogdoarmindomaia.com.br\/index.php?rest_route=\/wp\/v2\/posts"}],"about":[{"href":"http:\/\/blogdoarmindomaia.com.br\/index.php?rest_route=\/wp\/v2\/types\/post"}],"author":[{"embeddable":true,"href":"http:\/\/blogdoarmindomaia.com.br\/index.php?rest_route=\/wp\/v2\/users\/2"}],"replies":[{"embeddable":true,"href":"http:\/\/blogdoarmindomaia.com.br\/index.php?rest_route=%2Fwp%2Fv2%2Fcomments&post=5759"}],"version-history":[{"count":1,"href":"http:\/\/blogdoarmindomaia.com.br\/index.php?rest_route=\/wp\/v2\/posts\/5759\/revisions"}],"predecessor-version":[{"id":5761,"href":"http:\/\/blogdoarmindomaia.com.br\/index.php?rest_route=\/wp\/v2\/posts\/5759\/revisions\/5761"}],"wp:featuredmedia":[{"embeddable":true,"href":"http:\/\/blogdoarmindomaia.com.br\/index.php?rest_route=\/wp\/v2\/media\/5760"}],"wp:attachment":[{"href":"http:\/\/blogdoarmindomaia.com.br\/index.php?rest_route=%2Fwp%2Fv2%2Fmedia&parent=5759"}],"wp:term":[{"taxonomy":"category","embeddable":true,"href":"http:\/\/blogdoarmindomaia.com.br\/index.php?rest_route=%2Fwp%2Fv2%2Fcategories&post=5759"},{"taxonomy":"post_tag","embeddable":true,"href":"http:\/\/blogdoarmindomaia.com.br\/index.php?rest_route=%2Fwp%2Fv2%2Ftags&post=5759"}],"curies":[{"name":"wp","href":"https:\/\/api.w.org\/{rel}","templated":true}]}}