{"id":577,"date":"2022-04-30T00:43:00","date_gmt":"2022-04-30T03:43:00","guid":{"rendered":"http:\/\/blogdoarmindomaia.com.br\/?p=577"},"modified":"2022-04-30T00:43:03","modified_gmt":"2022-04-30T03:43:03","slug":"escritor-tom-farias-curador-do-fliaraxa-visita-memorial-da-escrita-e-comunicacao-mauricio-rosa","status":"publish","type":"post","link":"http:\/\/blogdoarmindomaia.com.br\/?p=577","title":{"rendered":"Escritor Tom Farias, curador do Fliarax\u00e1 visita Memorial da Escrita e Comunica\u00e7\u00e3o Maur\u00edcio Rosa"},"content":{"rendered":"\n<p><\/p>\n\n\n\n<figure class=\"wp-block-image size-large is-style-default\"><img loading=\"lazy\" decoding=\"async\" width=\"1024\" height=\"768\" src=\"http:\/\/blogdoarmindomaia.com.br\/wp-content\/uploads\/2022\/04\/Tom-Farias-escrigtor-ArminhdoMaia-1024x768.jpg\" alt=\"\" class=\"wp-image-582\" srcset=\"http:\/\/blogdoarmindomaia.com.br\/wp-content\/uploads\/2022\/04\/Tom-Farias-escrigtor-ArminhdoMaia-1024x768.jpg 1024w, http:\/\/blogdoarmindomaia.com.br\/wp-content\/uploads\/2022\/04\/Tom-Farias-escrigtor-ArminhdoMaia-300x225.jpg 300w, http:\/\/blogdoarmindomaia.com.br\/wp-content\/uploads\/2022\/04\/Tom-Farias-escrigtor-ArminhdoMaia-768x576.jpg 768w, http:\/\/blogdoarmindomaia.com.br\/wp-content\/uploads\/2022\/04\/Tom-Farias-escrigtor-ArminhdoMaia-1536x1152.jpg 1536w, http:\/\/blogdoarmindomaia.com.br\/wp-content\/uploads\/2022\/04\/Tom-Farias-escrigtor-ArminhdoMaia.jpg 1600w\" sizes=\"auto, (max-width: 1024px) 100vw, 1024px\" \/><\/figure>\n\n\n\n<figure class=\"wp-block-image size-large is-style-default\"><img loading=\"lazy\" decoding=\"async\" width=\"1024\" height=\"576\" src=\"http:\/\/blogdoarmindomaia.com.br\/wp-content\/uploads\/2022\/04\/Tom-Farias-em-visita-ao-Memorial-Mauricio-Rosa-1024x576.jpg\" alt=\"\" class=\"wp-image-580\" srcset=\"http:\/\/blogdoarmindomaia.com.br\/wp-content\/uploads\/2022\/04\/Tom-Farias-em-visita-ao-Memorial-Mauricio-Rosa-1024x576.jpg 1024w, http:\/\/blogdoarmindomaia.com.br\/wp-content\/uploads\/2022\/04\/Tom-Farias-em-visita-ao-Memorial-Mauricio-Rosa-300x169.jpg 300w, http:\/\/blogdoarmindomaia.com.br\/wp-content\/uploads\/2022\/04\/Tom-Farias-em-visita-ao-Memorial-Mauricio-Rosa-768x432.jpg 768w, http:\/\/blogdoarmindomaia.com.br\/wp-content\/uploads\/2022\/04\/Tom-Farias-em-visita-ao-Memorial-Mauricio-Rosa.jpg 1280w\" sizes=\"auto, (max-width: 1024px) 100vw, 1024px\" \/><\/figure>\n\n\n\n<figure class=\"wp-block-image size-large is-style-default\"><img loading=\"lazy\" decoding=\"async\" width=\"1024\" height=\"576\" src=\"http:\/\/blogdoarmindomaia.com.br\/wp-content\/uploads\/2022\/04\/Luiz-Humberto-Mauricio-Rosa-Rafael-Nolli-e-Tom-Farias-1024x576.jpg\" alt=\"\" class=\"wp-image-581\" srcset=\"http:\/\/blogdoarmindomaia.com.br\/wp-content\/uploads\/2022\/04\/Luiz-Humberto-Mauricio-Rosa-Rafael-Nolli-e-Tom-Farias-1024x576.jpg 1024w, http:\/\/blogdoarmindomaia.com.br\/wp-content\/uploads\/2022\/04\/Luiz-Humberto-Mauricio-Rosa-Rafael-Nolli-e-Tom-Farias-300x169.jpg 300w, http:\/\/blogdoarmindomaia.com.br\/wp-content\/uploads\/2022\/04\/Luiz-Humberto-Mauricio-Rosa-Rafael-Nolli-e-Tom-Farias-768x432.jpg 768w, http:\/\/blogdoarmindomaia.com.br\/wp-content\/uploads\/2022\/04\/Luiz-Humberto-Mauricio-Rosa-Rafael-Nolli-e-Tom-Farias.jpg 1280w\" sizes=\"auto, (max-width: 1024px) 100vw, 1024px\" \/><\/figure>\n\n\n\n<figure class=\"wp-block-image size-large is-style-default\"><img loading=\"lazy\" decoding=\"async\" width=\"1024\" height=\"576\" src=\"http:\/\/blogdoarmindomaia.com.br\/wp-content\/uploads\/2022\/04\/Tom-Farias-encantado-com-o-acervo-do-Memorial-1024x576.jpg\" alt=\"\" class=\"wp-image-579\" srcset=\"http:\/\/blogdoarmindomaia.com.br\/wp-content\/uploads\/2022\/04\/Tom-Farias-encantado-com-o-acervo-do-Memorial-1024x576.jpg 1024w, http:\/\/blogdoarmindomaia.com.br\/wp-content\/uploads\/2022\/04\/Tom-Farias-encantado-com-o-acervo-do-Memorial-300x169.jpg 300w, http:\/\/blogdoarmindomaia.com.br\/wp-content\/uploads\/2022\/04\/Tom-Farias-encantado-com-o-acervo-do-Memorial-768x432.jpg 768w, http:\/\/blogdoarmindomaia.com.br\/wp-content\/uploads\/2022\/04\/Tom-Farias-encantado-com-o-acervo-do-Memorial.jpg 1280w\" sizes=\"auto, (max-width: 1024px) 100vw, 1024px\" \/><\/figure>\n\n\n\n<figure class=\"wp-block-image size-large is-style-default\"><img loading=\"lazy\" decoding=\"async\" width=\"1024\" height=\"576\" src=\"http:\/\/blogdoarmindomaia.com.br\/wp-content\/uploads\/2022\/04\/Tom-Carvalho-e-Mauricio-Rosa-1024x576.jpg\" alt=\"\" class=\"wp-image-578\" srcset=\"http:\/\/blogdoarmindomaia.com.br\/wp-content\/uploads\/2022\/04\/Tom-Carvalho-e-Mauricio-Rosa-1024x576.jpg 1024w, http:\/\/blogdoarmindomaia.com.br\/wp-content\/uploads\/2022\/04\/Tom-Carvalho-e-Mauricio-Rosa-300x169.jpg 300w, http:\/\/blogdoarmindomaia.com.br\/wp-content\/uploads\/2022\/04\/Tom-Carvalho-e-Mauricio-Rosa-768x432.jpg 768w, http:\/\/blogdoarmindomaia.com.br\/wp-content\/uploads\/2022\/04\/Tom-Carvalho-e-Mauricio-Rosa.jpg 1280w\" sizes=\"auto, (max-width: 1024px) 100vw, 1024px\" \/><\/figure>\n\n\n\n<p>Esta semana o escritor, jornalista e curador da 10\u00ba edi\u00e7\u00e3o do Festival Liter\u00e1rio de Arax\u00e1,&nbsp;U\u00e9linton&nbsp;<strong>Farias<\/strong>&nbsp;Alves, o Tom Farias, esteve em Arax\u00e1 para falar sobre a programa\u00e7\u00e3o&nbsp;e as novidades do Fliarax\u00e1 2022. Na oportunidade, o consagrado escritor carioca, visitou o Memorial da Escrita e Comunica\u00e7\u00e3o Maur\u00edcio Rosa de Arax\u00e1; um novo espa\u00e7o cultural, hist\u00f3rico, de resgaste e valoriza\u00e7\u00e3o do of\u00edcio da tipografia. O Museu da Escrita \u00e9 composto por um valioso acervo de m\u00e1quinas, ferramentas, objetos e impressos (jornais, revistas, livros, panfletos de v\u00e1rios per\u00edodos), que nos remetem de forma did\u00e1tica \u00e0 evolu\u00e7\u00e3o da escrita, passando tamb\u00e9m pela hist\u00f3ria da imprensa araxaense, mineira e nacional em diversas \u00e9pocas.<\/p>\n\n\n\n<p>A visita ao Museu da Escrita foi acompanhada pelo Presidente da Academia Araxaense de Letras, Luiz Humberto Fran\u00e7a, pelo professor e escritor araxaense&nbsp; Rafael Nolli e pelo Diretor e idealizador do Memorial, o jornalista araxaense Maur\u00edcio de Castro Rosa. &nbsp;<\/p>\n\n\n\n<p>Jornalista de of\u00edcio, Tom Farias, revelou que trabalhou por um bom tempo, no in\u00edcio da carreira em v\u00e1rios jornais impressos do Rio de Janeiro, e que conhecia algumas das m\u00e1quinas expostas no Memorial. \u201c A linotipo para n\u00f3s do jornal, era como uma grande m\u00e1quina de escrever muito complexa\u201d.&nbsp; Na visita ao Memorial, o escritor se encantou com duas copias centen\u00e1rias de jornais da \u00e9poca que registraram a Lei Aurea e a Aboli\u00e7\u00e3o da Escravatura. Ele disse que, \u201cn\u00f3s estamos perdendo bastante a mem\u00f3ria, a preserva\u00e7\u00e3o de documentos, acervo e a gente que \u00e9 pesquisador, ver um acervo como&nbsp;este aqui no Memorial \u00e9 saber que a tipografia teve uma fundamental import\u00e2ncia no s\u00e9culo XIX no Brasil, pois era um oficio manual e a partir de dessas m\u00e1quinas aqui no Memorial a gente consegue entender bem e valorizar a evolu\u00e7\u00e3o da escrita. Eu acho que a popula\u00e7\u00e3o, as pessoas, as crian\u00e7as, precisam conhecer esse Memorial para conhecer toda a engrenagem da escrita antiga e talvez dar mais valor ao jornal, aos livros e revistas impressos. Parab\u00e9ns pela grande iniciativa do Memorial da Escrita e da Comunica\u00e7\u00e3o Maur\u00edcio Rosa de Arax\u00e1.\u201d &nbsp;&nbsp;&nbsp;<\/p>\n\n\n\n<p>Com v\u00e1rias obras de destaque publicadas, Tom Farias tamb\u00e9m \u00e9 professor, cr\u00edtico liter\u00e1rio mas, sobretudo, pesquisador empenhado no resgate de figuras de grande relevo para a hist\u00f3ria, a cultura e a literatura afro-brasileiras, a exemplo das biografias fundamentais sobre Jos\u00e9 do Patroc\u00ednio, Cruz e Sousa e Carolina Maria de Jesus.<\/p>\n\n\n\n<p>O Memorial da Escrita e da Comunica\u00e7\u00e3o Maur\u00edcio Rosa de Arax\u00e1, fica na Rua Santos Dumont, n\u00famero, 225 no centro de Arax\u00e1.\u00a0<\/p>\n","protected":false},"excerpt":{"rendered":"<p>Esta semana o escritor, jornalista e curador da 10\u00ba edi\u00e7\u00e3o do Festival Liter\u00e1rio de Arax\u00e1,&nbsp;U\u00e9linton&nbsp;Farias&nbsp;Alves, o Tom Farias, esteve em<\/p>\n","protected":false},"author":2,"featured_media":582,"comment_status":"open","ping_status":"open","sticky":false,"template":"","format":"standard","meta":{"footnotes":""},"categories":[9,5],"tags":[],"class_list":["post-577","post","type-post","status-publish","format-standard","has-post-thumbnail","hentry","category-araxa","category-arte-e-cultura"],"_links":{"self":[{"href":"http:\/\/blogdoarmindomaia.com.br\/index.php?rest_route=\/wp\/v2\/posts\/577","targetHints":{"allow":["GET"]}}],"collection":[{"href":"http:\/\/blogdoarmindomaia.com.br\/index.php?rest_route=\/wp\/v2\/posts"}],"about":[{"href":"http:\/\/blogdoarmindomaia.com.br\/index.php?rest_route=\/wp\/v2\/types\/post"}],"author":[{"embeddable":true,"href":"http:\/\/blogdoarmindomaia.com.br\/index.php?rest_route=\/wp\/v2\/users\/2"}],"replies":[{"embeddable":true,"href":"http:\/\/blogdoarmindomaia.com.br\/index.php?rest_route=%2Fwp%2Fv2%2Fcomments&post=577"}],"version-history":[{"count":1,"href":"http:\/\/blogdoarmindomaia.com.br\/index.php?rest_route=\/wp\/v2\/posts\/577\/revisions"}],"predecessor-version":[{"id":583,"href":"http:\/\/blogdoarmindomaia.com.br\/index.php?rest_route=\/wp\/v2\/posts\/577\/revisions\/583"}],"wp:featuredmedia":[{"embeddable":true,"href":"http:\/\/blogdoarmindomaia.com.br\/index.php?rest_route=\/wp\/v2\/media\/582"}],"wp:attachment":[{"href":"http:\/\/blogdoarmindomaia.com.br\/index.php?rest_route=%2Fwp%2Fv2%2Fmedia&parent=577"}],"wp:term":[{"taxonomy":"category","embeddable":true,"href":"http:\/\/blogdoarmindomaia.com.br\/index.php?rest_route=%2Fwp%2Fv2%2Fcategories&post=577"},{"taxonomy":"post_tag","embeddable":true,"href":"http:\/\/blogdoarmindomaia.com.br\/index.php?rest_route=%2Fwp%2Fv2%2Ftags&post=577"}],"curies":[{"name":"wp","href":"https:\/\/api.w.org\/{rel}","templated":true}]}}