{"id":5771,"date":"2023-07-21T15:13:29","date_gmt":"2023-07-21T18:13:29","guid":{"rendered":"http:\/\/blogdoarmindomaia.com.br\/?p=5771"},"modified":"2023-07-21T15:13:31","modified_gmt":"2023-07-21T18:13:31","slug":"comecou-a-36a-festa-dos-motoristas-de-araxa","status":"publish","type":"post","link":"http:\/\/blogdoarmindomaia.com.br\/?p=5771","title":{"rendered":"Come\u00e7ou a 36\u00aa Festa dos Motoristas de Arax\u00e1"},"content":{"rendered":"\n<figure class=\"wp-block-image size-full is-style-default\"><img loading=\"lazy\" decoding=\"async\" width=\"353\" height=\"433\" src=\"http:\/\/blogdoarmindomaia.com.br\/wp-content\/uploads\/2023\/07\/Comecou-a-36a-Festa-dos-Motoristas-de-Araxa-pag-03.png\" alt=\"\" class=\"wp-image-5772\" srcset=\"http:\/\/blogdoarmindomaia.com.br\/wp-content\/uploads\/2023\/07\/Comecou-a-36a-Festa-dos-Motoristas-de-Araxa-pag-03.png 353w, http:\/\/blogdoarmindomaia.com.br\/wp-content\/uploads\/2023\/07\/Comecou-a-36a-Festa-dos-Motoristas-de-Araxa-pag-03-245x300.png 245w\" sizes=\"auto, (max-width: 353px) 100vw, 353px\" \/><\/figure>\n\n\n\n<p>Tradi\u00e7\u00e3o e religiosidade. At\u00e9 domingo, dia 23 de julho de 2023, Arax\u00e1 vai sediar mais uma Festa dos Motoristas. Trata-se de um dos eventos mais tradicionais da regi\u00e3o. A promo\u00e7\u00e3o \u00e9 da Adesc\u00a0\u00a0 e tem\u00a0 como palco a sede da Associa\u00e7\u00e3o de Apoio ao Motorista, que fica na Alameda Liberdade, 25, Bairro Dona Beja, com entrada franca. Al\u00e9m da integra\u00e7\u00e3o cultural, a Festa dos Motoristas,\u00a0 prima pela promo\u00e7\u00e3o da arte social inclusiva e valoriza\u00e7\u00e3o das tradi\u00e7\u00f5es folcl\u00f3ricas e populares, do interior de Minas Gerais. O evento cultural \u00e9 gratuito, aberto a toda comunidade com ampla acessibilidade e seguran\u00e7a.\u00a0Como tradi\u00e7\u00e3o o evento tamb\u00e9m ter\u00e1 a realiza\u00e7\u00e3o do Concurso de Frases de Para Choque. Na programa\u00e7\u00e3o\u00a0 destaque para eventos art\u00edsticos, culturais e religiosos.<\/p>\n","protected":false},"excerpt":{"rendered":"<p>Tradi\u00e7\u00e3o e religiosidade. At\u00e9 domingo, dia 23 de julho de 2023, Arax\u00e1 vai sediar mais uma Festa dos Motoristas. Trata-se<\/p>\n","protected":false},"author":2,"featured_media":5772,"comment_status":"open","ping_status":"open","sticky":false,"template":"","format":"standard","meta":{"footnotes":""},"categories":[9,11],"tags":[],"class_list":["post-5771","post","type-post","status-publish","format-standard","has-post-thumbnail","hentry","category-araxa","category-destaques"],"_links":{"self":[{"href":"http:\/\/blogdoarmindomaia.com.br\/index.php?rest_route=\/wp\/v2\/posts\/5771","targetHints":{"allow":["GET"]}}],"collection":[{"href":"http:\/\/blogdoarmindomaia.com.br\/index.php?rest_route=\/wp\/v2\/posts"}],"about":[{"href":"http:\/\/blogdoarmindomaia.com.br\/index.php?rest_route=\/wp\/v2\/types\/post"}],"author":[{"embeddable":true,"href":"http:\/\/blogdoarmindomaia.com.br\/index.php?rest_route=\/wp\/v2\/users\/2"}],"replies":[{"embeddable":true,"href":"http:\/\/blogdoarmindomaia.com.br\/index.php?rest_route=%2Fwp%2Fv2%2Fcomments&post=5771"}],"version-history":[{"count":1,"href":"http:\/\/blogdoarmindomaia.com.br\/index.php?rest_route=\/wp\/v2\/posts\/5771\/revisions"}],"predecessor-version":[{"id":5773,"href":"http:\/\/blogdoarmindomaia.com.br\/index.php?rest_route=\/wp\/v2\/posts\/5771\/revisions\/5773"}],"wp:featuredmedia":[{"embeddable":true,"href":"http:\/\/blogdoarmindomaia.com.br\/index.php?rest_route=\/wp\/v2\/media\/5772"}],"wp:attachment":[{"href":"http:\/\/blogdoarmindomaia.com.br\/index.php?rest_route=%2Fwp%2Fv2%2Fmedia&parent=5771"}],"wp:term":[{"taxonomy":"category","embeddable":true,"href":"http:\/\/blogdoarmindomaia.com.br\/index.php?rest_route=%2Fwp%2Fv2%2Fcategories&post=5771"},{"taxonomy":"post_tag","embeddable":true,"href":"http:\/\/blogdoarmindomaia.com.br\/index.php?rest_route=%2Fwp%2Fv2%2Ftags&post=5771"}],"curies":[{"name":"wp","href":"https:\/\/api.w.org\/{rel}","templated":true}]}}