{"id":5777,"date":"2023-07-21T15:18:43","date_gmt":"2023-07-21T18:18:43","guid":{"rendered":"http:\/\/blogdoarmindomaia.com.br\/?p=5777"},"modified":"2023-07-21T15:18:46","modified_gmt":"2023-07-21T18:18:46","slug":"atletas-paralimpicos-de-araxa-conquistam-medalhas-nos-jemg","status":"publish","type":"post","link":"http:\/\/blogdoarmindomaia.com.br\/?p=5777","title":{"rendered":"Atletas paral\u00edmpicos de Arax\u00e1 conquistam medalhas nos Jemg"},"content":{"rendered":"\n<figure class=\"wp-block-image size-full is-style-default\"><img loading=\"lazy\" decoding=\"async\" width=\"1024\" height=\"683\" src=\"http:\/\/blogdoarmindomaia.com.br\/wp-content\/uploads\/2023\/07\/jemg-5.jpeg\" alt=\"\" class=\"wp-image-5778\" srcset=\"http:\/\/blogdoarmindomaia.com.br\/wp-content\/uploads\/2023\/07\/jemg-5.jpeg 1024w, http:\/\/blogdoarmindomaia.com.br\/wp-content\/uploads\/2023\/07\/jemg-5-300x200.jpeg 300w, http:\/\/blogdoarmindomaia.com.br\/wp-content\/uploads\/2023\/07\/jemg-5-768x512.jpeg 768w\" sizes=\"auto, (max-width: 1024px) 100vw, 1024px\" \/><\/figure>\n\n\n\n<p>Arax\u00e1 foi representada na maior e mais importante competi\u00e7\u00e3o escolar do Estado, os Jogos Escolares de Minas Gerais (Jemg), modalidade paral\u00edmpica. O campeonato realizado na cidade de Ipatinga reuniu 76 institui\u00e7\u00f5es, 30 munic\u00edpios e mais de 450 estudantes. A delega\u00e7\u00e3o de Arax\u00e1 foi formada por 17 atletas e 6 treinadores, representando a Associa\u00e7\u00e3o de Pais e Amigos dos Excepcionais (Apae) e a Escola Estadual Luiza de Oliveira Faria, com nove medalhas conquistadas.<br><br>A viagem contou com apoio da Prefeitura de Arax\u00e1, por meio da Secretaria Municipal de Esportes, que forneceu o transporte para a competi\u00e7\u00e3o. Destaque para o atleta Erick Emmanuel C\u00e2ndido, de 11 anos, que faz parte do projeto de paradesporto da Secretaria Municipal de Esportes. O garoto, que possui defici\u00eancia visual, ganhou duas medalhas de ouro no atletismo, nas categorias de arremesso de peso e lan\u00e7amento de pelota.<br><br>De acordo com a m\u00e3e do Erick, Z\u00e9lia Aparecida Morais, o projeto transformou a vida do filho, que agora tem a oportunidade de praticar atividades f\u00edsicas semanais.<br><br>\u201cO meu sentimento como m\u00e3e \u00e9 de felicidade, de saber que meu filho est\u00e1 superando todos os desafios.<br>O secret\u00e1rio Jos\u00e9 Antunes Soares J\u00fanior (Ded\u00e9) refor\u00e7a o compromisso firmado pela Administra\u00e7\u00e3o Municipal em apoiar todas as modalidades esportivas na cidade. \u201cArax\u00e1 tem muitos talentos escondidos, que precisam ser lapidados.&nbsp;<br><strong>Medalhistas<br><\/strong>&nbsp;<br>Adryan Felipe Ribeiro de Castro \u2013 Classe F\/T20<br>2\u00b0 lugar &#8211; salto em dist\u00e2ncia;<br>2\u00b0 lugar &#8211; 800 metros;<br>3\u00b0 lugar &#8211; 150 metros.<br>&nbsp;<br>&#8211; Davi Peres da Silva \u2013 Classe F\/T20<br>3\u00b0 lugar &#8211; 800 metros.<br>&nbsp;<br>&#8211; Erick Emmanuel Candido &#8211; Classe F\/T11<br>1\u00b0 lugar \u2013 Arremesso de peso;<br>1\u00b0 lugar \u2013 Lan\u00e7amento de pelota<br>&nbsp;<br>&#8211; Jo\u00e3o Paulo Evangelista \u2013 Classe F\/T33<br>1\u00b0 Lan\u00e7amento de dardo;<br>1\u00b0 Arremesso de Peso.<br>&nbsp;<br>&#8211; Cau\u00e3 Honorato Machado \u2013 Classe F\/T20<br>2\u00b0 &#8211; Arremesso de peso.<br>&nbsp;<br>Os Jemg selecionam os representantes do Estado para os Jogos Escolares da Juventude e Paralimp\u00edadas Escolares, Etapa Nacional. Dentre os competidores araxaenses, tr\u00eas estudantes-atletas e tr\u00eas profissionais foram convocados para representar Minas Gerais na Paralimp\u00edada Escolar, que acontece em Bras\u00edlia, entre os dias 28 de agosto a 2 de setembro.<br>&nbsp;<br>Foram convocados os estudantes-atletas, Erick Emmanuel Candido, Cau\u00e3 Honorato Machado e o Jo\u00e3o Paulo Evangelista e os profissionais, Amair Ara\u00fajo (t\u00e9cnico), Jos\u00e9 Nolli Neto (auxiliar) e Weverton Douglas de Melo (atleta-guia).<br>&nbsp;<br>A Prefeitura de Arax\u00e1 disponibiliza estrutura de treinamento para atletas paral\u00edmpicos nas modalidades de nata\u00e7\u00e3o e atletismo, com inicia\u00e7\u00e3o de crian\u00e7as, adolescentes, jovens e adultos. O projeto n\u00e3o visa apenas o alto rendimento, mas tamb\u00e9m a parte de reabilita\u00e7\u00e3o e habilidade social. Existem vagas dispon\u00edveis para quem se interessar em participar.<br>&nbsp;<br>As inscri\u00e7\u00f5es s\u00e3o gratuitas e devem ser feitas na sede da Assessoria Municipal de Esportes Amador e Rural, no Centro Esportivo \u00c1lvaro Maneira (antigo ATC), localizado na avenida Imbiara, n\u00ba 620. Para mais informa\u00e7\u00f5es, basta entrar em contato pelos n\u00fameros (34) 3669-2031 ou 3664-7836.<br><\/p>\n","protected":false},"excerpt":{"rendered":"<p>Arax\u00e1 foi representada na maior e mais importante competi\u00e7\u00e3o escolar do Estado, os Jogos Escolares de Minas Gerais (Jemg), modalidade<\/p>\n","protected":false},"author":2,"featured_media":5778,"comment_status":"open","ping_status":"open","sticky":false,"template":"","format":"standard","meta":{"footnotes":""},"categories":[9,11],"tags":[],"class_list":["post-5777","post","type-post","status-publish","format-standard","has-post-thumbnail","hentry","category-araxa","category-destaques"],"_links":{"self":[{"href":"http:\/\/blogdoarmindomaia.com.br\/index.php?rest_route=\/wp\/v2\/posts\/5777","targetHints":{"allow":["GET"]}}],"collection":[{"href":"http:\/\/blogdoarmindomaia.com.br\/index.php?rest_route=\/wp\/v2\/posts"}],"about":[{"href":"http:\/\/blogdoarmindomaia.com.br\/index.php?rest_route=\/wp\/v2\/types\/post"}],"author":[{"embeddable":true,"href":"http:\/\/blogdoarmindomaia.com.br\/index.php?rest_route=\/wp\/v2\/users\/2"}],"replies":[{"embeddable":true,"href":"http:\/\/blogdoarmindomaia.com.br\/index.php?rest_route=%2Fwp%2Fv2%2Fcomments&post=5777"}],"version-history":[{"count":1,"href":"http:\/\/blogdoarmindomaia.com.br\/index.php?rest_route=\/wp\/v2\/posts\/5777\/revisions"}],"predecessor-version":[{"id":5779,"href":"http:\/\/blogdoarmindomaia.com.br\/index.php?rest_route=\/wp\/v2\/posts\/5777\/revisions\/5779"}],"wp:featuredmedia":[{"embeddable":true,"href":"http:\/\/blogdoarmindomaia.com.br\/index.php?rest_route=\/wp\/v2\/media\/5778"}],"wp:attachment":[{"href":"http:\/\/blogdoarmindomaia.com.br\/index.php?rest_route=%2Fwp%2Fv2%2Fmedia&parent=5777"}],"wp:term":[{"taxonomy":"category","embeddable":true,"href":"http:\/\/blogdoarmindomaia.com.br\/index.php?rest_route=%2Fwp%2Fv2%2Fcategories&post=5777"},{"taxonomy":"post_tag","embeddable":true,"href":"http:\/\/blogdoarmindomaia.com.br\/index.php?rest_route=%2Fwp%2Fv2%2Ftags&post=5777"}],"curies":[{"name":"wp","href":"https:\/\/api.w.org\/{rel}","templated":true}]}}