{"id":5791,"date":"2023-07-24T10:36:14","date_gmt":"2023-07-24T13:36:14","guid":{"rendered":"http:\/\/blogdoarmindomaia.com.br\/?p=5791"},"modified":"2023-07-24T10:36:17","modified_gmt":"2023-07-24T13:36:17","slug":"prefeitura-no-bairro-acontece-no-bairro-abolicao-no-sabado-29-de-julho","status":"publish","type":"post","link":"http:\/\/blogdoarmindomaia.com.br\/?p=5791","title":{"rendered":"Prefeitura no Bairro acontece no bairro Aboli\u00e7\u00e3o, no s\u00e1bado, 29 de julho"},"content":{"rendered":"\n<figure class=\"wp-block-image size-full is-style-default\"><img loading=\"lazy\" decoding=\"async\" width=\"1024\" height=\"683\" src=\"http:\/\/blogdoarmindomaia.com.br\/wp-content\/uploads\/2023\/07\/Prefeitura-no-Bairro-acontece-no-bairro-Abolicao-neste-sabado-pag-07.jpeg\" alt=\"\" class=\"wp-image-5792\" srcset=\"http:\/\/blogdoarmindomaia.com.br\/wp-content\/uploads\/2023\/07\/Prefeitura-no-Bairro-acontece-no-bairro-Abolicao-neste-sabado-pag-07.jpeg 1024w, http:\/\/blogdoarmindomaia.com.br\/wp-content\/uploads\/2023\/07\/Prefeitura-no-Bairro-acontece-no-bairro-Abolicao-neste-sabado-pag-07-300x200.jpeg 300w, http:\/\/blogdoarmindomaia.com.br\/wp-content\/uploads\/2023\/07\/Prefeitura-no-Bairro-acontece-no-bairro-Abolicao-neste-sabado-pag-07-768x512.jpeg 768w\" sizes=\"auto, (max-width: 1024px) 100vw, 1024px\" \/><\/figure>\n\n\n\n<p>O projeto Prefeitura no Bairro chega \u00e0 14\u00aa edi\u00e7\u00e3o com mais de 40 servi\u00e7os gratuitos para a popula\u00e7\u00e3o. Desta vez, as atividades v\u00e3o ser voltadas para moradores do bairro Aboli\u00e7\u00e3o e regi\u00e3o que poder\u00e3o tirar d\u00favidas, sugerir e reivindicar a\u00e7\u00f5es. O encontro acontece no pr\u00f3ximo s\u00e1bado (29), das 8h \u00e0s 12h, no Centro de Refer\u00eancia de Assist\u00eancia Social \u2013 CRAS Aboli\u00e7\u00e3o, R. Marcolino Coelho Borges, n\u00b0 390 \u2013 Aboli\u00e7\u00e3o.<br><br>O evento ofertar\u00e1 vacina\u00e7\u00e3o adulto e infantil, assist\u00eancia e acesso a programas sociais e abertura de empresas, exame de acuidade visual, conta\u00e7\u00e3o de hist\u00f3rias infantis, gincanas voltadas para todos os p\u00fablicos, solicita\u00e7\u00e3o por servi\u00e7os urbanos e orienta\u00e7\u00e3o sobre IPTU, oportunidades de emprego.<br><br>O projeto conta com atendimentos nas \u00e1reas de A\u00e7\u00e3o Social, Sa\u00fade, Direitos Humanos, Acolhimento \u00e0 Mulher, Habita\u00e7\u00e3o, Trabalho e Emprego, Meio Ambiente, Educa\u00e7\u00e3o, Cidadania, Infraestrutura, Agricultura e Pecu\u00e1ria, Esporte, Lazer, Cultura e Seguran\u00e7a. O Gabinete do Prefeito e a Secretaria de Governo tamb\u00e9m estar\u00e3o \u00e0 disposi\u00e7\u00e3o para receber as demandas da popula\u00e7\u00e3o.<br><br><strong>Servi\u00e7o<br><\/strong><br><strong>14\u00aa Edi\u00e7\u00e3o Prefeitura no Bairro<br><\/strong>Local: Centro de Refer\u00eancia de Assist\u00eancia Social \u2013 CRAS Aboli\u00e7\u00e3o<br>Dia e hor\u00e1rio: 29 de julho (s\u00e1bado), das 8h \u00e0s 12h<br>Endere\u00e7o: &#8211; R. Marcolino Coelho Borges, n\u00b0 390 \u2013 Aboli\u00e7\u00e3o.<br><\/p>\n","protected":false},"excerpt":{"rendered":"<p>O projeto Prefeitura no Bairro chega \u00e0 14\u00aa edi\u00e7\u00e3o com mais de 40 servi\u00e7os gratuitos para a popula\u00e7\u00e3o. Desta vez,<\/p>\n","protected":false},"author":2,"featured_media":5792,"comment_status":"open","ping_status":"open","sticky":false,"template":"","format":"standard","meta":{"footnotes":""},"categories":[9,11],"tags":[],"class_list":["post-5791","post","type-post","status-publish","format-standard","has-post-thumbnail","hentry","category-araxa","category-destaques"],"_links":{"self":[{"href":"http:\/\/blogdoarmindomaia.com.br\/index.php?rest_route=\/wp\/v2\/posts\/5791","targetHints":{"allow":["GET"]}}],"collection":[{"href":"http:\/\/blogdoarmindomaia.com.br\/index.php?rest_route=\/wp\/v2\/posts"}],"about":[{"href":"http:\/\/blogdoarmindomaia.com.br\/index.php?rest_route=\/wp\/v2\/types\/post"}],"author":[{"embeddable":true,"href":"http:\/\/blogdoarmindomaia.com.br\/index.php?rest_route=\/wp\/v2\/users\/2"}],"replies":[{"embeddable":true,"href":"http:\/\/blogdoarmindomaia.com.br\/index.php?rest_route=%2Fwp%2Fv2%2Fcomments&post=5791"}],"version-history":[{"count":1,"href":"http:\/\/blogdoarmindomaia.com.br\/index.php?rest_route=\/wp\/v2\/posts\/5791\/revisions"}],"predecessor-version":[{"id":5793,"href":"http:\/\/blogdoarmindomaia.com.br\/index.php?rest_route=\/wp\/v2\/posts\/5791\/revisions\/5793"}],"wp:featuredmedia":[{"embeddable":true,"href":"http:\/\/blogdoarmindomaia.com.br\/index.php?rest_route=\/wp\/v2\/media\/5792"}],"wp:attachment":[{"href":"http:\/\/blogdoarmindomaia.com.br\/index.php?rest_route=%2Fwp%2Fv2%2Fmedia&parent=5791"}],"wp:term":[{"taxonomy":"category","embeddable":true,"href":"http:\/\/blogdoarmindomaia.com.br\/index.php?rest_route=%2Fwp%2Fv2%2Fcategories&post=5791"},{"taxonomy":"post_tag","embeddable":true,"href":"http:\/\/blogdoarmindomaia.com.br\/index.php?rest_route=%2Fwp%2Fv2%2Ftags&post=5791"}],"curies":[{"name":"wp","href":"https:\/\/api.w.org\/{rel}","templated":true}]}}