{"id":5794,"date":"2023-07-24T10:39:19","date_gmt":"2023-07-24T13:39:19","guid":{"rendered":"http:\/\/blogdoarmindomaia.com.br\/?p=5794"},"modified":"2023-07-24T10:40:34","modified_gmt":"2023-07-24T13:40:34","slug":"assinados-os-termos-de-fomento-com-a-capela-filomena-julio-dario-e-associacao-dos-motoristas","status":"publish","type":"post","link":"http:\/\/blogdoarmindomaia.com.br\/?p=5794","title":{"rendered":"Assinados os termos de fomento com a Capela Filomena, J\u00falio D\u00e1rio e Associa\u00e7\u00e3o dos Motoristas"},"content":{"rendered":"\n<figure class=\"wp-block-image size-full is-style-default\"><img loading=\"lazy\" decoding=\"async\" width=\"635\" height=\"325\" src=\"http:\/\/blogdoarmindomaia.com.br\/wp-content\/uploads\/2023\/07\/termos-de-fomento-8.jpeg\" alt=\"\" class=\"wp-image-5796\" srcset=\"http:\/\/blogdoarmindomaia.com.br\/wp-content\/uploads\/2023\/07\/termos-de-fomento-8.jpeg 635w, http:\/\/blogdoarmindomaia.com.br\/wp-content\/uploads\/2023\/07\/termos-de-fomento-8-300x154.jpeg 300w\" sizes=\"auto, (max-width: 635px) 100vw, 635px\" \/><\/figure>\n\n\n\n<p>A Prefeitura de Arax\u00e1 assinou termos de fomento, para apoio a projetos sociais desenvolvidos pelo Terceiro Setor. Foram assinados dois termos que totalizam o valor de R$ 140.000,00 com a Associa\u00e7\u00e3o da Capela M\u00e1rtir Filomena, um no valor de R$ 57.467,50 com o Centro de Forma\u00e7\u00e3o Profissional J\u00falio D\u00e1rio e um no valor de R$ 15.000,00 com a Associa\u00e7\u00e3o de Apoio ao Motorista (Adesc).<br><br>Participaram das assinaturas o prefeito Robson Magela, os presidentes das entidades, Jo\u00e3o Paulo Ferreira de Paula (Capela Filomena), L\u00e1zaro da Silva (Adesc) e Juliano Ferreira (J\u00falio D\u00e1rio), e o presidente da C\u00e2mara Municipal, Bosco J\u00fanior e o vereador Alexandre dos Irm\u00e3os Paula, autores das indica\u00e7\u00f5es dos conv\u00eanios.<br><br>A Capela Filomena utilizar\u00e1 o recurso para melhorias estruturais na sua sede, como a constru\u00e7\u00e3o de uma cozinha e fechamento do barrac\u00e3o. \u201cFiquei muito feliz em assinar esse termo de fomento. Com o amparo da Prefeitura de Arax\u00e1, a associa\u00e7\u00e3o vai passar por uma reforma que vai deixar o local mais aconchegante para receber a popula\u00e7\u00e3o\u201d, destaca Jo\u00e3o Paulo.<br><br>J\u00e1 o Centro J\u00falio D\u00e1rio vai investir o recurso para custeio e manuten\u00e7\u00e3o de suas atividades, al\u00e9m de implementar projeto de capacita\u00e7\u00e3o para o seu p\u00fablico-alvo. \u201cFirmamos uma parceria important\u00edssima com a Gest\u00e3o Municipal, que vai possibilitar a abertura de uma oficina de motos com curso gratuito de mec\u00e2nico para jovens e adolescentes\u201d, explica Juliano Ferreira.<br><br>E a Adesc usar\u00e1 a verba para a organiza\u00e7\u00e3o da tradicional Festa dos Motoristas, que chega \u00e0 sua 36\u00aa edi\u00e7\u00e3o. \u201cA gente fica muito satisfeito em receber esse apoio da prefeitura, e com certeza esse valor vai ajudar muito no nosso evento\u201d, afirma L\u00e1zaro da Silva.<br><br>O prefeito Robson Magela refor\u00e7a que a Administra\u00e7\u00e3o Municipal n\u00e3o tem medido esfor\u00e7os em apoiar atividades sociais para diversos p\u00fablicos. \u201cEsses termos de fomento s\u00e3o fundamentais para que as associa\u00e7\u00f5es continuem oferecendo um servi\u00e7o de qualidade para toda a popula\u00e7\u00e3o\u201d, conclui.<br><\/p>\n","protected":false},"excerpt":{"rendered":"<p>A Prefeitura de Arax\u00e1 assinou termos de fomento, para apoio a projetos sociais desenvolvidos pelo Terceiro Setor. Foram assinados dois<\/p>\n","protected":false},"author":2,"featured_media":5792,"comment_status":"open","ping_status":"open","sticky":false,"template":"","format":"standard","meta":{"footnotes":""},"categories":[9,11],"tags":[],"class_list":["post-5794","post","type-post","status-publish","format-standard","has-post-thumbnail","hentry","category-araxa","category-destaques"],"_links":{"self":[{"href":"http:\/\/blogdoarmindomaia.com.br\/index.php?rest_route=\/wp\/v2\/posts\/5794","targetHints":{"allow":["GET"]}}],"collection":[{"href":"http:\/\/blogdoarmindomaia.com.br\/index.php?rest_route=\/wp\/v2\/posts"}],"about":[{"href":"http:\/\/blogdoarmindomaia.com.br\/index.php?rest_route=\/wp\/v2\/types\/post"}],"author":[{"embeddable":true,"href":"http:\/\/blogdoarmindomaia.com.br\/index.php?rest_route=\/wp\/v2\/users\/2"}],"replies":[{"embeddable":true,"href":"http:\/\/blogdoarmindomaia.com.br\/index.php?rest_route=%2Fwp%2Fv2%2Fcomments&post=5794"}],"version-history":[{"count":2,"href":"http:\/\/blogdoarmindomaia.com.br\/index.php?rest_route=\/wp\/v2\/posts\/5794\/revisions"}],"predecessor-version":[{"id":5797,"href":"http:\/\/blogdoarmindomaia.com.br\/index.php?rest_route=\/wp\/v2\/posts\/5794\/revisions\/5797"}],"wp:featuredmedia":[{"embeddable":true,"href":"http:\/\/blogdoarmindomaia.com.br\/index.php?rest_route=\/wp\/v2\/media\/5792"}],"wp:attachment":[{"href":"http:\/\/blogdoarmindomaia.com.br\/index.php?rest_route=%2Fwp%2Fv2%2Fmedia&parent=5794"}],"wp:term":[{"taxonomy":"category","embeddable":true,"href":"http:\/\/blogdoarmindomaia.com.br\/index.php?rest_route=%2Fwp%2Fv2%2Fcategories&post=5794"},{"taxonomy":"post_tag","embeddable":true,"href":"http:\/\/blogdoarmindomaia.com.br\/index.php?rest_route=%2Fwp%2Fv2%2Ftags&post=5794"}],"curies":[{"name":"wp","href":"https:\/\/api.w.org\/{rel}","templated":true}]}}