{"id":5812,"date":"2023-07-24T16:44:30","date_gmt":"2023-07-24T19:44:30","guid":{"rendered":"http:\/\/blogdoarmindomaia.com.br\/?p=5812"},"modified":"2023-07-24T16:44:32","modified_gmt":"2023-07-24T19:44:32","slug":"administracao-municipal-de-araxa-esclarece-sobre-saude-financeira-da-prefeitura-de-araxa","status":"publish","type":"post","link":"http:\/\/blogdoarmindomaia.com.br\/?p=5812","title":{"rendered":"Administra\u00e7\u00e3o \u00a0Municipal de Arax\u00e1 esclarece sobre sa\u00fade financeira da Prefeitura de Arax\u00e1 \u00a0"},"content":{"rendered":"\n<figure class=\"wp-block-image size-large is-style-default\"><img loading=\"lazy\" decoding=\"async\" width=\"1024\" height=\"576\" src=\"http:\/\/blogdoarmindomaia.com.br\/wp-content\/uploads\/2023\/07\/coletiva-1024x576.jpeg\" alt=\"\" class=\"wp-image-5813\" srcset=\"http:\/\/blogdoarmindomaia.com.br\/wp-content\/uploads\/2023\/07\/coletiva-1024x576.jpeg 1024w, http:\/\/blogdoarmindomaia.com.br\/wp-content\/uploads\/2023\/07\/coletiva-300x169.jpeg 300w, http:\/\/blogdoarmindomaia.com.br\/wp-content\/uploads\/2023\/07\/coletiva-768x432.jpeg 768w, http:\/\/blogdoarmindomaia.com.br\/wp-content\/uploads\/2023\/07\/coletiva.jpeg 1280w\" sizes=\"auto, (max-width: 1024px) 100vw, 1024px\" \/><\/figure>\n\n\n\n<p>Em coletiva, Prefeitura de Arax\u00e1 explica atual situa\u00e7\u00e3o do executivo local e a queda da receita na atual administra\u00e7\u00e3o municipal. De acordo com o prefeito Robson Magela, &#8221; a prefeitura n\u00e3o est\u00e1 quebrada, ao contr\u00e1rio das not\u00edcias falsas que circulam nas redes sociais&#8221;. O procurador do munic\u00edpio Johnatan Renaut, revelou que, &#8220;n\u00e3o existe motivo para p\u00e2nico e que alguns ajustes dever\u00e3o ser feitos para adequa\u00e7\u00e3o a realidade atual. A prefeitura tem uma condi\u00e7\u00e3o financeira\u00a0 saud\u00e1vel mas alguns cortes dever\u00e3o ser feitos. Em breve as medidas ser\u00e3o anunciadas pela administra\u00e7\u00e3o municipal de Arax\u00e1. A expectativa de acordo com o Secret\u00e1rio de Fazenda, \u00a0Arnildo Morais \u00e9 de economizar em torno de 5 milh\u00f5es de reais por m\u00eas com os cortes de gastos.<\/p>\n","protected":false},"excerpt":{"rendered":"<p>Em coletiva, Prefeitura de Arax\u00e1 explica atual situa\u00e7\u00e3o do executivo local e a queda da receita na atual administra\u00e7\u00e3o municipal.<\/p>\n","protected":false},"author":2,"featured_media":5813,"comment_status":"open","ping_status":"open","sticky":false,"template":"","format":"standard","meta":{"footnotes":""},"categories":[9,11],"tags":[],"class_list":["post-5812","post","type-post","status-publish","format-standard","has-post-thumbnail","hentry","category-araxa","category-destaques"],"_links":{"self":[{"href":"http:\/\/blogdoarmindomaia.com.br\/index.php?rest_route=\/wp\/v2\/posts\/5812","targetHints":{"allow":["GET"]}}],"collection":[{"href":"http:\/\/blogdoarmindomaia.com.br\/index.php?rest_route=\/wp\/v2\/posts"}],"about":[{"href":"http:\/\/blogdoarmindomaia.com.br\/index.php?rest_route=\/wp\/v2\/types\/post"}],"author":[{"embeddable":true,"href":"http:\/\/blogdoarmindomaia.com.br\/index.php?rest_route=\/wp\/v2\/users\/2"}],"replies":[{"embeddable":true,"href":"http:\/\/blogdoarmindomaia.com.br\/index.php?rest_route=%2Fwp%2Fv2%2Fcomments&post=5812"}],"version-history":[{"count":1,"href":"http:\/\/blogdoarmindomaia.com.br\/index.php?rest_route=\/wp\/v2\/posts\/5812\/revisions"}],"predecessor-version":[{"id":5814,"href":"http:\/\/blogdoarmindomaia.com.br\/index.php?rest_route=\/wp\/v2\/posts\/5812\/revisions\/5814"}],"wp:featuredmedia":[{"embeddable":true,"href":"http:\/\/blogdoarmindomaia.com.br\/index.php?rest_route=\/wp\/v2\/media\/5813"}],"wp:attachment":[{"href":"http:\/\/blogdoarmindomaia.com.br\/index.php?rest_route=%2Fwp%2Fv2%2Fmedia&parent=5812"}],"wp:term":[{"taxonomy":"category","embeddable":true,"href":"http:\/\/blogdoarmindomaia.com.br\/index.php?rest_route=%2Fwp%2Fv2%2Fcategories&post=5812"},{"taxonomy":"post_tag","embeddable":true,"href":"http:\/\/blogdoarmindomaia.com.br\/index.php?rest_route=%2Fwp%2Fv2%2Ftags&post=5812"}],"curies":[{"name":"wp","href":"https:\/\/api.w.org\/{rel}","templated":true}]}}