{"id":5815,"date":"2023-07-25T11:18:47","date_gmt":"2023-07-25T14:18:47","guid":{"rendered":"http:\/\/blogdoarmindomaia.com.br\/?p=5815"},"modified":"2023-07-25T11:18:49","modified_gmt":"2023-07-25T14:18:49","slug":"secretaria-de-saude-apresenta-prestacao-de-contas-na-camara-municipal-2","status":"publish","type":"post","link":"http:\/\/blogdoarmindomaia.com.br\/?p=5815","title":{"rendered":"Secretaria de Sa\u00fade apresenta presta\u00e7\u00e3o de contas na C\u00e2mara Municipal"},"content":{"rendered":"\n<figure class=\"wp-block-image size-large is-style-default\"><img loading=\"lazy\" decoding=\"async\" width=\"1024\" height=\"768\" src=\"http:\/\/blogdoarmindomaia.com.br\/wp-content\/uploads\/2023\/07\/Secretaria-de-Saude-apresenta-prestacao-de-contas-na-Camara-Municipal-pag-03-1024x768.jpeg\" alt=\"\" class=\"wp-image-5816\" srcset=\"http:\/\/blogdoarmindomaia.com.br\/wp-content\/uploads\/2023\/07\/Secretaria-de-Saude-apresenta-prestacao-de-contas-na-Camara-Municipal-pag-03-1024x768.jpeg 1024w, http:\/\/blogdoarmindomaia.com.br\/wp-content\/uploads\/2023\/07\/Secretaria-de-Saude-apresenta-prestacao-de-contas-na-Camara-Municipal-pag-03-300x225.jpeg 300w, http:\/\/blogdoarmindomaia.com.br\/wp-content\/uploads\/2023\/07\/Secretaria-de-Saude-apresenta-prestacao-de-contas-na-Camara-Municipal-pag-03-768x576.jpeg 768w, http:\/\/blogdoarmindomaia.com.br\/wp-content\/uploads\/2023\/07\/Secretaria-de-Saude-apresenta-prestacao-de-contas-na-Camara-Municipal-pag-03-1536x1152.jpeg 1536w, http:\/\/blogdoarmindomaia.com.br\/wp-content\/uploads\/2023\/07\/Secretaria-de-Saude-apresenta-prestacao-de-contas-na-Camara-Municipal-pag-03.jpeg 1600w\" sizes=\"auto, (max-width: 1024px) 100vw, 1024px\" \/><\/figure>\n\n\n\n<p>No fim de smena, a Secretaria Municipal de Sa\u00fade realizou a apresenta\u00e7\u00e3o da presta\u00e7\u00e3o de contas dos quatro primeiros meses de 2023, no plen\u00e1rio da C\u00e2mara Municipal de Arax\u00e1. A reuni\u00e3o foi conduzida pela Secret\u00e1ria Municipal de Sa\u00fade, Cristiane Gon\u00e7alves, pelo presidente da mesa diretora &#8211; vereador Bosco Jr., pelo presidente da Comiss\u00e3o de Educa\u00e7\u00e3o, Cultura, Sa\u00fade e Seguran\u00e7a &#8211; vereador Raphael Rios e contou com a participa\u00e7\u00e3o de vereadores, assessores, servidores p\u00fablicos e comunidade.<\/p>\n\n\n\n<p>A secret\u00e1ria abriu o encontro citando as principais not\u00edcias da pasta durante o primeiro quadrimestre. Ela destacou: reinaugura\u00e7\u00e3o da Unidade de Sa\u00fade dos Setores Sul e Sudeste (UNISSE), que foi totalmente revitalizada; o in\u00edcio da reforma da Unidade de Sa\u00fade do Setor Oeste (UNIOESTE); o credenciamento de mais m\u00e9dicos; os cuidados contra a dengue; o repasse de mais de 8,5 milh\u00f5es para a Casa do Caminho; as tratativas para a constru\u00e7\u00e3o do hospital municipal; dentre outros assuntos.<\/p>\n\n\n\n<p>Em sua fala, Bosco Jr. destacou a qualidade e personaliza\u00e7\u00e3o do atendimento aos pacientes, a import\u00e2ncia da reforma das unidades b\u00e1sicas de sa\u00fade e os novos ve\u00edculos destinados para a secretaria. Ele tamb\u00e9m parabenizou Cristiane pela assinatura do conv\u00eanio para a implementa\u00e7\u00e3o do Servi\u00e7o de Atendimento M\u00f3vel de Urg\u00eancia (SAMU), que ir\u00e1 funcionar em breve em Arax\u00e1.<\/p>\n\n\n\n<p>Talitha Cristina Ferreira, assessora de finan\u00e7as da secretaria, apresentou o quadro detalhado da presta\u00e7\u00e3o de contas financeira do per\u00edodo. &nbsp;Os respons\u00e1veis t\u00e9cnicos de cada setor fizeram uma apresenta\u00e7\u00e3o com n\u00fameros, informa\u00e7\u00f5es e fotos para ilustrar o trabalho de cada servi\u00e7o ofertado pela pasta.<\/p>\n\n\n\n<p>Os parlamentares finalizaram a sess\u00e3o com perguntas e agradecendo os servidores da sa\u00fade, que atendem prontamente as solicita\u00e7\u00f5es da popula\u00e7\u00e3o e prestam excelente servi\u00e7o \u00e0 comunidade.<\/p>\n\n\n\n<p><strong><em>Ascom CMA<\/em><\/strong><\/p>\n","protected":false},"excerpt":{"rendered":"<p>No fim de smena, a Secretaria Municipal de Sa\u00fade realizou a apresenta\u00e7\u00e3o da presta\u00e7\u00e3o de contas dos quatro primeiros meses<\/p>\n","protected":false},"author":2,"featured_media":5816,"comment_status":"open","ping_status":"open","sticky":false,"template":"","format":"standard","meta":{"footnotes":""},"categories":[9,11,29],"tags":[],"class_list":["post-5815","post","type-post","status-publish","format-standard","has-post-thumbnail","hentry","category-araxa","category-destaques","category-saude"],"_links":{"self":[{"href":"http:\/\/blogdoarmindomaia.com.br\/index.php?rest_route=\/wp\/v2\/posts\/5815","targetHints":{"allow":["GET"]}}],"collection":[{"href":"http:\/\/blogdoarmindomaia.com.br\/index.php?rest_route=\/wp\/v2\/posts"}],"about":[{"href":"http:\/\/blogdoarmindomaia.com.br\/index.php?rest_route=\/wp\/v2\/types\/post"}],"author":[{"embeddable":true,"href":"http:\/\/blogdoarmindomaia.com.br\/index.php?rest_route=\/wp\/v2\/users\/2"}],"replies":[{"embeddable":true,"href":"http:\/\/blogdoarmindomaia.com.br\/index.php?rest_route=%2Fwp%2Fv2%2Fcomments&post=5815"}],"version-history":[{"count":1,"href":"http:\/\/blogdoarmindomaia.com.br\/index.php?rest_route=\/wp\/v2\/posts\/5815\/revisions"}],"predecessor-version":[{"id":5817,"href":"http:\/\/blogdoarmindomaia.com.br\/index.php?rest_route=\/wp\/v2\/posts\/5815\/revisions\/5817"}],"wp:featuredmedia":[{"embeddable":true,"href":"http:\/\/blogdoarmindomaia.com.br\/index.php?rest_route=\/wp\/v2\/media\/5816"}],"wp:attachment":[{"href":"http:\/\/blogdoarmindomaia.com.br\/index.php?rest_route=%2Fwp%2Fv2%2Fmedia&parent=5815"}],"wp:term":[{"taxonomy":"category","embeddable":true,"href":"http:\/\/blogdoarmindomaia.com.br\/index.php?rest_route=%2Fwp%2Fv2%2Fcategories&post=5815"},{"taxonomy":"post_tag","embeddable":true,"href":"http:\/\/blogdoarmindomaia.com.br\/index.php?rest_route=%2Fwp%2Fv2%2Ftags&post=5815"}],"curies":[{"name":"wp","href":"https:\/\/api.w.org\/{rel}","templated":true}]}}