{"id":5818,"date":"2023-07-25T11:20:38","date_gmt":"2023-07-25T14:20:38","guid":{"rendered":"http:\/\/blogdoarmindomaia.com.br\/?p=5818"},"modified":"2023-07-25T11:20:43","modified_gmt":"2023-07-25T14:20:43","slug":"programa-eu-vou-tem-um-aumento-de-mais-de-93-no-cadastro-de-estudantes","status":"publish","type":"post","link":"http:\/\/blogdoarmindomaia.com.br\/?p=5818","title":{"rendered":"Programa &#8220;Eu Vou&#8221; tem um aumento de mais de 93% no cadastro de estudantes"},"content":{"rendered":"\n<figure class=\"wp-block-image size-full is-style-default\"><img loading=\"lazy\" decoding=\"async\" width=\"1024\" height=\"683\" src=\"http:\/\/blogdoarmindomaia.com.br\/wp-content\/uploads\/2023\/07\/Programa-Eu-Vou-tem-um-aumento-de-mais-de-93-no-cadastro-de-estudantes-pag-08.jpeg\" alt=\"\" class=\"wp-image-5819\" srcset=\"http:\/\/blogdoarmindomaia.com.br\/wp-content\/uploads\/2023\/07\/Programa-Eu-Vou-tem-um-aumento-de-mais-de-93-no-cadastro-de-estudantes-pag-08.jpeg 1024w, http:\/\/blogdoarmindomaia.com.br\/wp-content\/uploads\/2023\/07\/Programa-Eu-Vou-tem-um-aumento-de-mais-de-93-no-cadastro-de-estudantes-pag-08-300x200.jpeg 300w, http:\/\/blogdoarmindomaia.com.br\/wp-content\/uploads\/2023\/07\/Programa-Eu-Vou-tem-um-aumento-de-mais-de-93-no-cadastro-de-estudantes-pag-08-768x512.jpeg 768w\" sizes=\"auto, (max-width: 1024px) 100vw, 1024px\" \/><\/figure>\n\n\n\n<p>Transporte de qualidade e maior acesso \u00e0 Educa\u00e7\u00e3o. S\u00e3o apenas alguns dos objetivos do Programa \u201cEu Vou\u201d, Pol\u00edtica de Mobilidade Urbana implantada pela Prefeitura de Arax\u00e1 por meio da Secretaria Municipal de Seguran\u00e7a P\u00fablica.<br><br>Instaurado na cidade desde dezembro de 2022, o Programa reduziu, desde ent\u00e3o, o valor da passagem de \u00f4nibus para a popula\u00e7\u00e3o em geral e tornou gratuito o servi\u00e7o de transporte coletivo para estudantes matriculados no ensino regular presencial e para idosos acima de 60 anos completos (anteriormente a idade beneficiada era de 65 anos completos).<br><br>Al\u00e9m disso, por meio do programa, foram reativadas algumas linhas e implantados novos itiner\u00e1rios para o transporte p\u00fablico; foi iniciada a reforma de 20 pontos de \u00f4nibus; adquiridos os primeiros ve\u00edculos para renova\u00e7\u00e3o da frota (sendo obrigat\u00f3ria a aquisi\u00e7\u00e3o de 8 por ano) e implantada a internet sem fio, com Wi-Fi gratuito e ilimitado para os usu\u00e1rios. Vistorias e fiscaliza\u00e7\u00f5es tamb\u00e9m foram feitas, por parte da Administra\u00e7\u00e3o Municipal.<br><br>De acordo com o gerente de Opera\u00e7\u00f5es da Vera Cruz, Fl\u00e1vio Rodrigues de Morais, a parceria com o Munic\u00edpio, demonstrou, em apenas um semestre, melhorias bastante significativas para a popula\u00e7\u00e3o e a expectativa \u00e9 de que os n\u00fameros cres\u00e7am ainda mais.<br><br>\u201cAntes da implanta\u00e7\u00e3o do programa, em dezembro de 2022, 2.870 estudantes estavam cadastrados no sistema da empresa. At\u00e9 o momento (julho de 2023), foram computados 5.542 registros em rela\u00e7\u00e3o a novos estudantes, um aumento de 93%! Mais estudantes est\u00e3o utilizando do servi\u00e7o, mais idosos cadastrados em nosso sistema e o melhor, os respons\u00e1veis pelos lares araxaenses agora utilizam do recurso, que anteriormente era destinado a locomo\u00e7\u00e3o dos filhos, para outros fins necess\u00e1rios a fam\u00edlia\u201d, reitera.<br><br>O prefeito Robson Magela, comenta que esta a\u00e7\u00e3o hist\u00f3rica, confirma o compromisso da Gest\u00e3o Municipal com a Educa\u00e7\u00e3o, com a Seguran\u00e7a, com os idosos e com as fam\u00edlias de Arax\u00e1.<br><br>\u201cFicamos imensamente felizes em ver os resultados obtidos pelo Programa \u2018Eu Vou\u2019 em apenas seis meses. E saber que a economia gerada por meio deste benef\u00edcio, est\u00e1 afetando diretamente o or\u00e7amento familiar \u00e9 muito gratificante. Isso \u00e9 o queremos! A Administra\u00e7\u00e3o Municipal vem, desde o in\u00edcio, buscando cuidar das pessoas, de qualquer idade e em qualquer circunst\u00e2ncia. E a\u00e7\u00f5es positivas como essa, ser\u00e3o cada vez mais frequentes na cidade, sempre em prol da comunidade\u201d, ressalta.<br><br>Demais informa\u00e7\u00f5es<br><br>N\u00famero de empresas cadastradas no sistema:<br><br>&#8211; Em dezembro de 2022: 1.552 empresas;<br>&#8211; Em julho de 2023: 1.609 empresas.<br><br>N\u00famero de Pessoas com defici\u00eancia (PcD) cadastradas no sistema:<br><br>&#8211; Em dezembro de 2022: 1.531 pessoas;<br>&#8211; Em julho de 2023: 1.670 pessoas.<br><br>N\u00famero de idosos cadastrados no sistema:<br><br>&#8211; Em dezembro de 2022: 4.876 idosos;<br>&#8211; Em julho de 2023: 6.647 idosos.<\/p>\n","protected":false},"excerpt":{"rendered":"<p>Transporte de qualidade e maior acesso \u00e0 Educa\u00e7\u00e3o. S\u00e3o apenas alguns dos objetivos do Programa \u201cEu Vou\u201d, Pol\u00edtica de Mobilidade<\/p>\n","protected":false},"author":2,"featured_media":5819,"comment_status":"open","ping_status":"open","sticky":false,"template":"","format":"standard","meta":{"footnotes":""},"categories":[9,11],"tags":[],"class_list":["post-5818","post","type-post","status-publish","format-standard","has-post-thumbnail","hentry","category-araxa","category-destaques"],"_links":{"self":[{"href":"http:\/\/blogdoarmindomaia.com.br\/index.php?rest_route=\/wp\/v2\/posts\/5818","targetHints":{"allow":["GET"]}}],"collection":[{"href":"http:\/\/blogdoarmindomaia.com.br\/index.php?rest_route=\/wp\/v2\/posts"}],"about":[{"href":"http:\/\/blogdoarmindomaia.com.br\/index.php?rest_route=\/wp\/v2\/types\/post"}],"author":[{"embeddable":true,"href":"http:\/\/blogdoarmindomaia.com.br\/index.php?rest_route=\/wp\/v2\/users\/2"}],"replies":[{"embeddable":true,"href":"http:\/\/blogdoarmindomaia.com.br\/index.php?rest_route=%2Fwp%2Fv2%2Fcomments&post=5818"}],"version-history":[{"count":1,"href":"http:\/\/blogdoarmindomaia.com.br\/index.php?rest_route=\/wp\/v2\/posts\/5818\/revisions"}],"predecessor-version":[{"id":5820,"href":"http:\/\/blogdoarmindomaia.com.br\/index.php?rest_route=\/wp\/v2\/posts\/5818\/revisions\/5820"}],"wp:featuredmedia":[{"embeddable":true,"href":"http:\/\/blogdoarmindomaia.com.br\/index.php?rest_route=\/wp\/v2\/media\/5819"}],"wp:attachment":[{"href":"http:\/\/blogdoarmindomaia.com.br\/index.php?rest_route=%2Fwp%2Fv2%2Fmedia&parent=5818"}],"wp:term":[{"taxonomy":"category","embeddable":true,"href":"http:\/\/blogdoarmindomaia.com.br\/index.php?rest_route=%2Fwp%2Fv2%2Fcategories&post=5818"},{"taxonomy":"post_tag","embeddable":true,"href":"http:\/\/blogdoarmindomaia.com.br\/index.php?rest_route=%2Fwp%2Fv2%2Ftags&post=5818"}],"curies":[{"name":"wp","href":"https:\/\/api.w.org\/{rel}","templated":true}]}}