{"id":5822,"date":"2023-07-25T11:24:37","date_gmt":"2023-07-25T14:24:37","guid":{"rendered":"http:\/\/blogdoarmindomaia.com.br\/?p=5822"},"modified":"2023-07-25T11:24:39","modified_gmt":"2023-07-25T14:24:39","slug":"campanha-de-vacinacao-contra-meningite-c-termina-dia-31-de-julho","status":"publish","type":"post","link":"http:\/\/blogdoarmindomaia.com.br\/?p=5822","title":{"rendered":"Campanha de Vacina\u00e7\u00e3o contra Meningite C termina dia 31 de julho"},"content":{"rendered":"\n<figure class=\"wp-block-image size-full is-style-default\"><img loading=\"lazy\" decoding=\"async\" width=\"275\" height=\"183\" src=\"http:\/\/blogdoarmindomaia.com.br\/wp-content\/uploads\/2023\/07\/Campanha-de-Vacinacao-contra-Meningite-C-termina-dia-31-de-julho-pag-03.jpg\" alt=\"\" class=\"wp-image-5823\"\/><\/figure>\n\n\n\n<p>A Secretaria Municipal de Sa\u00fade prorrogou a Campanha de Vacina\u00e7\u00e3o Contra a Meninigite C at\u00e9 o dia 31 de julho. A imuniza\u00e7\u00e3o \u00e9 voltada para o p\u00fablico a partir de 16 anos e est\u00e1 dispon\u00edvel para quem tenha recebido a \u00faltima dose no m\u00ednimo h\u00e1 cinco anos.<br><br>A meningite meningoc\u00f3cica (infec\u00e7\u00e3o das membranas que recobrem o c\u00e9rebro) \u00e9 causada pela bact\u00e9ria Neisseria meningitidis (meningococo) e \u00e9 mais grave quando atinge a corrente sangu\u00ednea, provocando infec\u00e7\u00e3o generalizada. Pessoas n\u00e3o vacinadas de qualquer idade s\u00e3o vulner\u00e1veis, mas, no Brasil, a doen\u00e7a meningoc\u00f3cica \u00e9 mais frequente entre crian\u00e7as com at\u00e9 5 anos de idade.<br><br>Para receber o imunizante, basta levar um documento com foto, Cart\u00e3o de Vacina e Cart\u00e3o do SUS (se tiver).<br><br>Vale lembrar que o uso de m\u00e1scara em locais que ofere\u00e7am servi\u00e7os de sa\u00fade, como postos de vacina\u00e7\u00e3o, continua sendo obrigat\u00f3rio.<br><br>De acordo com a coordenadora do Setor de Imuniza\u00e7\u00e3o da Secretaria Municipal de Sa\u00fade, \u00c9rica Fonseca, o objetivo da prorroga\u00e7\u00e3o \u00e9 potencializar a cobertura vacinal e garantir maior prote\u00e7\u00e3o contra a doen\u00e7a.<br><br>\u201c\u00c9 de extrema import\u00e2ncia manter o Cart\u00e3o de Vacina\u00e7\u00e3o atualizado, independentemente da dose ou da faixa et\u00e1ria. A prorroga\u00e7\u00e3o da campanha d\u00e1 garantia de acesso gratuito \u00e0 prote\u00e7\u00e3o a esse p\u00fablico, e \u00e9 imprescind\u00edvel que os pais ou respons\u00e1veis reservem um tempo para levar os adolescentes para se vacinarem e cuidarem da sa\u00fade\u201d, refor\u00e7a.<br><br><br><\/p>\n","protected":false},"excerpt":{"rendered":"<p>A Secretaria Municipal de Sa\u00fade prorrogou a Campanha de Vacina\u00e7\u00e3o Contra a Meninigite C at\u00e9 o dia 31 de julho.<\/p>\n","protected":false},"author":2,"featured_media":5823,"comment_status":"open","ping_status":"open","sticky":false,"template":"","format":"standard","meta":{"footnotes":""},"categories":[9,11],"tags":[],"class_list":["post-5822","post","type-post","status-publish","format-standard","has-post-thumbnail","hentry","category-araxa","category-destaques"],"_links":{"self":[{"href":"http:\/\/blogdoarmindomaia.com.br\/index.php?rest_route=\/wp\/v2\/posts\/5822","targetHints":{"allow":["GET"]}}],"collection":[{"href":"http:\/\/blogdoarmindomaia.com.br\/index.php?rest_route=\/wp\/v2\/posts"}],"about":[{"href":"http:\/\/blogdoarmindomaia.com.br\/index.php?rest_route=\/wp\/v2\/types\/post"}],"author":[{"embeddable":true,"href":"http:\/\/blogdoarmindomaia.com.br\/index.php?rest_route=\/wp\/v2\/users\/2"}],"replies":[{"embeddable":true,"href":"http:\/\/blogdoarmindomaia.com.br\/index.php?rest_route=%2Fwp%2Fv2%2Fcomments&post=5822"}],"version-history":[{"count":1,"href":"http:\/\/blogdoarmindomaia.com.br\/index.php?rest_route=\/wp\/v2\/posts\/5822\/revisions"}],"predecessor-version":[{"id":5824,"href":"http:\/\/blogdoarmindomaia.com.br\/index.php?rest_route=\/wp\/v2\/posts\/5822\/revisions\/5824"}],"wp:featuredmedia":[{"embeddable":true,"href":"http:\/\/blogdoarmindomaia.com.br\/index.php?rest_route=\/wp\/v2\/media\/5823"}],"wp:attachment":[{"href":"http:\/\/blogdoarmindomaia.com.br\/index.php?rest_route=%2Fwp%2Fv2%2Fmedia&parent=5822"}],"wp:term":[{"taxonomy":"category","embeddable":true,"href":"http:\/\/blogdoarmindomaia.com.br\/index.php?rest_route=%2Fwp%2Fv2%2Fcategories&post=5822"},{"taxonomy":"post_tag","embeddable":true,"href":"http:\/\/blogdoarmindomaia.com.br\/index.php?rest_route=%2Fwp%2Fv2%2Ftags&post=5822"}],"curies":[{"name":"wp","href":"https:\/\/api.w.org\/{rel}","templated":true}]}}