{"id":5825,"date":"2023-07-25T11:31:27","date_gmt":"2023-07-25T14:31:27","guid":{"rendered":"http:\/\/blogdoarmindomaia.com.br\/?p=5825"},"modified":"2023-07-25T11:31:29","modified_gmt":"2023-07-25T14:31:29","slug":"prefeitura-no-bairro-contempla-familias-com-escrituras-definitivas-no-abolicao","status":"publish","type":"post","link":"http:\/\/blogdoarmindomaia.com.br\/?p=5825","title":{"rendered":"Prefeitura no bairro contempla fam\u00edlias com escrituras definitivas no Aboli\u00e7\u00e3o"},"content":{"rendered":"\n<figure class=\"wp-block-image size-full is-style-default\"><img loading=\"lazy\" decoding=\"async\" width=\"1024\" height=\"683\" src=\"http:\/\/blogdoarmindomaia.com.br\/wp-content\/uploads\/2023\/07\/prefeitura-no-bairro-34.jpeg\" alt=\"\" class=\"wp-image-5826\" srcset=\"http:\/\/blogdoarmindomaia.com.br\/wp-content\/uploads\/2023\/07\/prefeitura-no-bairro-34.jpeg 1024w, http:\/\/blogdoarmindomaia.com.br\/wp-content\/uploads\/2023\/07\/prefeitura-no-bairro-34-300x200.jpeg 300w, http:\/\/blogdoarmindomaia.com.br\/wp-content\/uploads\/2023\/07\/prefeitura-no-bairro-34-768x512.jpeg 768w\" sizes=\"auto, (max-width: 1024px) 100vw, 1024px\" \/><\/figure>\n\n\n\n<p>O projeto Prefeitura no Bairro chega \u00e0 14\u00aa edi\u00e7\u00e3o com mais de 40 servi\u00e7os gratuitos. Desta vez, a grande novidade \u00e9 a entrega de escrituras definitivas para fam\u00edlias do bairro Aboli\u00e7\u00e3o e adjac\u00eancias. A iniciativa faz parte do Programa Meu Lar, de Regulariza\u00e7\u00e3o Fundi\u00e1ria Urbana de Im\u00f3veis (Reurb), realizado pela Secretaria de A\u00e7\u00e3o Social.<br><br>A a\u00e7\u00e3o garante o direito \u00e0 moradia daqueles que residem em terrenos informais localizados nas \u00e1reas urbanas, por meio da titulariza\u00e7\u00e3o de seus ocupantes, al\u00e9m de promover a incorpora\u00e7\u00e3o dos n\u00facleos urbanos informais ao ordenamento territorial urbano.<br><br>O encontro com toda estrutura administrativa da Prefeitura de Arax\u00e1 acontece no pr\u00f3ximo s\u00e1bado (29), das 8h \u00e0s 12h, no Centro de Refer\u00eancia de Assist\u00eancia Social (CRAS) Aboli\u00e7\u00e3o &#8211; rua Marcolino Coelho Borges, n\u00b0 390.<br><br>S\u00e3o atendimentos nas \u00e1reas de A\u00e7\u00e3o Social, Sa\u00fade, Direitos Humanos, Acolhimento \u00e0 Mulher, Habita\u00e7\u00e3o, Trabalho e Emprego, Meio Ambiente, Educa\u00e7\u00e3o, Cidadania, Infraestrutura, Agricultura e Pecu\u00e1ria, Esporte, Lazer, Cultura e Seguran\u00e7a. O Gabinete do Prefeito e a Secretaria de Governo tamb\u00e9m estar\u00e3o \u00e0 disposi\u00e7\u00e3o para receber as demandas da popula\u00e7\u00e3o.<br><br>De acordo com o Prefeito Robson Magela, a entrega de escrituras garante prote\u00e7\u00e3o, seguran\u00e7a e tranquilidade para as fam\u00edlias, que ainda poder\u00e3o aproveitar de todos os servi\u00e7os ofertados pelo Prefeitura no Bairro.<br><br>\u201cEssas fam\u00edlias que ser\u00e3o contempladas em mais uma etapa de entregas de escrituras aguardam por esse momento h\u00e1 d\u00e9cadas. Ter uma seguran\u00e7a jur\u00eddica da sua casa \u00e9 algo muito importante para qualquer morador, e fazer a entrega dessas escrituras no Prefeitura no Bairro vai ser ainda mais &#8220;, destaca o prefeito.<br><br><strong>Servi\u00e7o<br><\/strong><br>14\u00aa Edi\u00e7\u00e3o Prefeitura no Bairro<br><br>Dia e hor\u00e1rio: 29 de julho (s\u00e1bado), das 8h \u00e0s 12h<br><br>Local: Centro de Refer\u00eancia de Assist\u00eancia Social (CRAS) Aboli\u00e7\u00e3o &#8211; rua Marcolino Coelho Borges, n\u00b0 390<\/p>\n","protected":false},"excerpt":{"rendered":"<p>O projeto Prefeitura no Bairro chega \u00e0 14\u00aa edi\u00e7\u00e3o com mais de 40 servi\u00e7os gratuitos. Desta vez, a grande novidade<\/p>\n","protected":false},"author":2,"featured_media":5826,"comment_status":"open","ping_status":"open","sticky":false,"template":"","format":"standard","meta":{"footnotes":""},"categories":[9,11],"tags":[],"class_list":["post-5825","post","type-post","status-publish","format-standard","has-post-thumbnail","hentry","category-araxa","category-destaques"],"_links":{"self":[{"href":"http:\/\/blogdoarmindomaia.com.br\/index.php?rest_route=\/wp\/v2\/posts\/5825","targetHints":{"allow":["GET"]}}],"collection":[{"href":"http:\/\/blogdoarmindomaia.com.br\/index.php?rest_route=\/wp\/v2\/posts"}],"about":[{"href":"http:\/\/blogdoarmindomaia.com.br\/index.php?rest_route=\/wp\/v2\/types\/post"}],"author":[{"embeddable":true,"href":"http:\/\/blogdoarmindomaia.com.br\/index.php?rest_route=\/wp\/v2\/users\/2"}],"replies":[{"embeddable":true,"href":"http:\/\/blogdoarmindomaia.com.br\/index.php?rest_route=%2Fwp%2Fv2%2Fcomments&post=5825"}],"version-history":[{"count":1,"href":"http:\/\/blogdoarmindomaia.com.br\/index.php?rest_route=\/wp\/v2\/posts\/5825\/revisions"}],"predecessor-version":[{"id":5827,"href":"http:\/\/blogdoarmindomaia.com.br\/index.php?rest_route=\/wp\/v2\/posts\/5825\/revisions\/5827"}],"wp:featuredmedia":[{"embeddable":true,"href":"http:\/\/blogdoarmindomaia.com.br\/index.php?rest_route=\/wp\/v2\/media\/5826"}],"wp:attachment":[{"href":"http:\/\/blogdoarmindomaia.com.br\/index.php?rest_route=%2Fwp%2Fv2%2Fmedia&parent=5825"}],"wp:term":[{"taxonomy":"category","embeddable":true,"href":"http:\/\/blogdoarmindomaia.com.br\/index.php?rest_route=%2Fwp%2Fv2%2Fcategories&post=5825"},{"taxonomy":"post_tag","embeddable":true,"href":"http:\/\/blogdoarmindomaia.com.br\/index.php?rest_route=%2Fwp%2Fv2%2Ftags&post=5825"}],"curies":[{"name":"wp","href":"https:\/\/api.w.org\/{rel}","templated":true}]}}