{"id":5837,"date":"2023-07-26T15:24:11","date_gmt":"2023-07-26T18:24:11","guid":{"rendered":"http:\/\/blogdoarmindomaia.com.br\/?p=5837"},"modified":"2023-07-26T15:24:13","modified_gmt":"2023-07-26T18:24:13","slug":"locais-de-prova-do-concurso-publico-da-secretaria-de-educacao-estao-disponiveis","status":"publish","type":"post","link":"http:\/\/blogdoarmindomaia.com.br\/?p=5837","title":{"rendered":"Locais de prova do Concurso P\u00fablico da Secretaria de Educa\u00e7\u00e3o est\u00e3o dispon\u00edveis"},"content":{"rendered":"\n<figure class=\"wp-block-image size-full is-style-default\"><img loading=\"lazy\" decoding=\"async\" width=\"1024\" height=\"683\" src=\"http:\/\/blogdoarmindomaia.com.br\/wp-content\/uploads\/2023\/07\/Locais-de-prova-do-Concurso-Publico-da-Secretaria-de-Educacao-estao-disponiveis-pag-06.jpeg\" alt=\"\" class=\"wp-image-5839\" srcset=\"http:\/\/blogdoarmindomaia.com.br\/wp-content\/uploads\/2023\/07\/Locais-de-prova-do-Concurso-Publico-da-Secretaria-de-Educacao-estao-disponiveis-pag-06.jpeg 1024w, http:\/\/blogdoarmindomaia.com.br\/wp-content\/uploads\/2023\/07\/Locais-de-prova-do-Concurso-Publico-da-Secretaria-de-Educacao-estao-disponiveis-pag-06-300x200.jpeg 300w, http:\/\/blogdoarmindomaia.com.br\/wp-content\/uploads\/2023\/07\/Locais-de-prova-do-Concurso-Publico-da-Secretaria-de-Educacao-estao-disponiveis-pag-06-768x512.jpeg 768w\" sizes=\"auto, (max-width: 1024px) 100vw, 1024px\" \/><\/figure>\n\n\n\n<p>O comprovante definitivo de inscri\u00e7\u00e3o para o Concurso P\u00fablico da Secretaria Municipal de Educa\u00e7\u00e3o, com data, hora e local de aplica\u00e7\u00e3o da prova, j\u00e1 est\u00e1 dispon\u00edvel para consulta no site do Instituto Brasileiro de Gest\u00e3o e Pesquisa (IBGP), desde de ter\u00e7a feira (25).<br><br>O concorrente dever\u00e1, obrigatoriamente, acessar a \u201c\u00c1rea do Candidato\u201d, no endere\u00e7o eletr\u00f4nico (&nbsp;<a href=\"https:\/\/tinyurl.com\/22svxajt\" target=\"_blank\" rel=\"noreferrer noopener\">https:\/\/tinyurl.com\/22svxajt<\/a>&nbsp;), por meio de consulta individual para verificar o local de realiza\u00e7\u00e3o das provas e o comprovante definitivo de inscri\u00e7\u00e3o. O candidato somente poder\u00e1 realizar as provas no local designado.<br><br>De acordo com o edital do concurso, a prova ser\u00e1 realizada neste domingo, 30 de julho, \u00e0s 9h e \u00e0s 14h. Os candidatos dever\u00e3o comparecer aos locais de aplica\u00e7\u00e3o 60 minutos antes do fechamento dos port\u00f5es (lembrando que os port\u00f5es ser\u00e3o fechados 15 minutos antes do in\u00edcio das provas), com documento de identidade oficial com foto, caneta esferogr\u00e1fica de tinta azul ou preta e, preferencialmente, com o comprovante definitivo de inscri\u00e7\u00e3o (CDI) para as provas.<br><br>No total, 8.768 candidatos se inscreveram no Concurso P\u00fablico. As vagas s\u00e3o distribu\u00eddas entre cargos que exigem n\u00edvel fundamental, m\u00e9dio\/t\u00e9cnico e superior, com sal\u00e1rios que variam de R$ 1.371,00 a R$ 3.562,50, com aux\u00edlio-alimenta\u00e7\u00e3o de R$ 650 e demais benef\u00edcios.<br><br>O cargo que registrou o maior n\u00famero de inscri\u00e7\u00f5es foi o de Agente de Servi\u00e7os Gerais da Educa\u00e7\u00e3o, com 2.588 candidatos. Em seguida, o cargo de Professor de Educa\u00e7\u00e3o B\u00e1sica \u2013 PEB \u2013 Educa\u00e7\u00e3o Infantil e Anos Iniciais do Ensino Fundamental, com 1.670 inscritos. Posteriormente, o cargo de Professor Adjunto da Educa\u00e7\u00e3o Infantil, com 1.583 candidatos.<br><\/p>\n","protected":false},"excerpt":{"rendered":"<p>O comprovante definitivo de inscri\u00e7\u00e3o para o Concurso P\u00fablico da Secretaria Municipal de Educa\u00e7\u00e3o, com data, hora e local de<\/p>\n","protected":false},"author":2,"featured_media":5839,"comment_status":"open","ping_status":"open","sticky":false,"template":"","format":"standard","meta":{"footnotes":""},"categories":[9,11,13],"tags":[],"class_list":["post-5837","post","type-post","status-publish","format-standard","has-post-thumbnail","hentry","category-araxa","category-destaques","category-educacao"],"_links":{"self":[{"href":"http:\/\/blogdoarmindomaia.com.br\/index.php?rest_route=\/wp\/v2\/posts\/5837","targetHints":{"allow":["GET"]}}],"collection":[{"href":"http:\/\/blogdoarmindomaia.com.br\/index.php?rest_route=\/wp\/v2\/posts"}],"about":[{"href":"http:\/\/blogdoarmindomaia.com.br\/index.php?rest_route=\/wp\/v2\/types\/post"}],"author":[{"embeddable":true,"href":"http:\/\/blogdoarmindomaia.com.br\/index.php?rest_route=\/wp\/v2\/users\/2"}],"replies":[{"embeddable":true,"href":"http:\/\/blogdoarmindomaia.com.br\/index.php?rest_route=%2Fwp%2Fv2%2Fcomments&post=5837"}],"version-history":[{"count":1,"href":"http:\/\/blogdoarmindomaia.com.br\/index.php?rest_route=\/wp\/v2\/posts\/5837\/revisions"}],"predecessor-version":[{"id":5840,"href":"http:\/\/blogdoarmindomaia.com.br\/index.php?rest_route=\/wp\/v2\/posts\/5837\/revisions\/5840"}],"wp:featuredmedia":[{"embeddable":true,"href":"http:\/\/blogdoarmindomaia.com.br\/index.php?rest_route=\/wp\/v2\/media\/5839"}],"wp:attachment":[{"href":"http:\/\/blogdoarmindomaia.com.br\/index.php?rest_route=%2Fwp%2Fv2%2Fmedia&parent=5837"}],"wp:term":[{"taxonomy":"category","embeddable":true,"href":"http:\/\/blogdoarmindomaia.com.br\/index.php?rest_route=%2Fwp%2Fv2%2Fcategories&post=5837"},{"taxonomy":"post_tag","embeddable":true,"href":"http:\/\/blogdoarmindomaia.com.br\/index.php?rest_route=%2Fwp%2Fv2%2Ftags&post=5837"}],"curies":[{"name":"wp","href":"https:\/\/api.w.org\/{rel}","templated":true}]}}