{"id":5844,"date":"2023-07-26T15:31:49","date_gmt":"2023-07-26T18:31:49","guid":{"rendered":"http:\/\/blogdoarmindomaia.com.br\/?p=5844"},"modified":"2023-07-26T15:31:55","modified_gmt":"2023-07-26T18:31:55","slug":"ambulatorios-de-emergencia-uninorte-e-unileste-reduzem-em-30-demanda-na-upa","status":"publish","type":"post","link":"http:\/\/blogdoarmindomaia.com.br\/?p=5844","title":{"rendered":"Ambulat\u00f3rios de Emerg\u00eancia Uninorte e Unileste reduzem em 30% demanda\u00a0 na UPA"},"content":{"rendered":"\n<figure class=\"wp-block-image size-large is-style-default\"><img loading=\"lazy\" decoding=\"async\" width=\"768\" height=\"1024\" src=\"http:\/\/blogdoarmindomaia.com.br\/wp-content\/uploads\/2023\/07\/Ambulatorios-de-Emergencia-Uninorte-e-Unileste-paqg-07-1-768x1024.jpg\" alt=\"\" class=\"wp-image-5845\" srcset=\"http:\/\/blogdoarmindomaia.com.br\/wp-content\/uploads\/2023\/07\/Ambulatorios-de-Emergencia-Uninorte-e-Unileste-paqg-07-1-768x1024.jpg 768w, http:\/\/blogdoarmindomaia.com.br\/wp-content\/uploads\/2023\/07\/Ambulatorios-de-Emergencia-Uninorte-e-Unileste-paqg-07-1-225x300.jpg 225w, http:\/\/blogdoarmindomaia.com.br\/wp-content\/uploads\/2023\/07\/Ambulatorios-de-Emergencia-Uninorte-e-Unileste-paqg-07-1-1152x1536.jpg 1152w, http:\/\/blogdoarmindomaia.com.br\/wp-content\/uploads\/2023\/07\/Ambulatorios-de-Emergencia-Uninorte-e-Unileste-paqg-07-1.jpg 1200w\" sizes=\"auto, (max-width: 768px) 100vw, 768px\" \/><\/figure>\n\n\n\n<p>Mais um trabalho de fiscaliza\u00e7\u00e3o com resultado para apresentar \u00e0 comunidade. O vereador Raphael Rios fez o levantamento junto \u00e0 Secretaria de Sa\u00fade para conhecer os n\u00fameros de atendimentos realizados pelos Ambulat\u00f3rios de Emerg\u00eancia (Ames) 24h Uninorte e Unileste desde as inaugura\u00e7\u00f5es realizadas em setembro de 2022. O vereador apresentou os n\u00fameros durante o uso da Tribuna na&nbsp; ter\u00e7a-feira (25). De setembro de 2022 a 30 de junho de 2023, o Ambulat\u00f3rio da Uninorte, que registra o maior movimento de pacientes, realizou 43.818 atendimentos. No mesmo per\u00edodo o Ambulat\u00f3rio da Unileste realizou 32.062 atendimentos. Considerando as duas unidades, foram realizados 75.880 atendimentos.&nbsp;Em compara\u00e7\u00e3o com o mesmo per\u00edodo avaliado, desde que os Ames come\u00e7aram a atender 24 horas por dia, a UPA realizou 43.200 atendimentos, frente \u00e0 60.995 realizados no mesmo per\u00edodo em an\u00e1lise, considerando os atendimentos de setembro de 2021 \u00e0 junho de 2022, quando os Ames ainda n\u00e3o estavam em funcionamento. \u201cUma redu\u00e7\u00e3o 17.795 atendimentos na Upa, 29,17% atendimentos a menos, o que garantiu que a unidade receba casos mais urgentes, que demandam um atendimento mais detalhado, investiga\u00e7\u00e3o diagn\u00f3stica ou interna\u00e7\u00f5es hospitalares\u201d, destaca Raphael. Raphael explica ainda que, se somados os atendimentos realizados pelos Ames e pela UPA, no per\u00edodo de setembro de 2022 a junho de 2023, o setor de urg\u00eancia e emerg\u00eancia de Arax\u00e1 chegou \u00e0 marca de 119.080 atendimentos em sa\u00fade feitos conjuntamente.&nbsp;\u201cTemos que considerar que muitos desses atendimentos podem resultar em duplicidade, j\u00e1 que h\u00e1 casos que d\u00e3o entrada nos ambulat\u00f3rios e s\u00e3o direcionados \u00e0 Upa em fun\u00e7\u00e3o de complexidade\u201d, explica.<\/p>\n","protected":false},"excerpt":{"rendered":"<p>Mais um trabalho de fiscaliza\u00e7\u00e3o com resultado para apresentar \u00e0 comunidade. O vereador Raphael Rios fez o levantamento junto \u00e0<\/p>\n","protected":false},"author":2,"featured_media":5845,"comment_status":"open","ping_status":"open","sticky":false,"template":"","format":"standard","meta":{"footnotes":""},"categories":[9,11],"tags":[],"class_list":["post-5844","post","type-post","status-publish","format-standard","has-post-thumbnail","hentry","category-araxa","category-destaques"],"_links":{"self":[{"href":"http:\/\/blogdoarmindomaia.com.br\/index.php?rest_route=\/wp\/v2\/posts\/5844","targetHints":{"allow":["GET"]}}],"collection":[{"href":"http:\/\/blogdoarmindomaia.com.br\/index.php?rest_route=\/wp\/v2\/posts"}],"about":[{"href":"http:\/\/blogdoarmindomaia.com.br\/index.php?rest_route=\/wp\/v2\/types\/post"}],"author":[{"embeddable":true,"href":"http:\/\/blogdoarmindomaia.com.br\/index.php?rest_route=\/wp\/v2\/users\/2"}],"replies":[{"embeddable":true,"href":"http:\/\/blogdoarmindomaia.com.br\/index.php?rest_route=%2Fwp%2Fv2%2Fcomments&post=5844"}],"version-history":[{"count":1,"href":"http:\/\/blogdoarmindomaia.com.br\/index.php?rest_route=\/wp\/v2\/posts\/5844\/revisions"}],"predecessor-version":[{"id":5846,"href":"http:\/\/blogdoarmindomaia.com.br\/index.php?rest_route=\/wp\/v2\/posts\/5844\/revisions\/5846"}],"wp:featuredmedia":[{"embeddable":true,"href":"http:\/\/blogdoarmindomaia.com.br\/index.php?rest_route=\/wp\/v2\/media\/5845"}],"wp:attachment":[{"href":"http:\/\/blogdoarmindomaia.com.br\/index.php?rest_route=%2Fwp%2Fv2%2Fmedia&parent=5844"}],"wp:term":[{"taxonomy":"category","embeddable":true,"href":"http:\/\/blogdoarmindomaia.com.br\/index.php?rest_route=%2Fwp%2Fv2%2Fcategories&post=5844"},{"taxonomy":"post_tag","embeddable":true,"href":"http:\/\/blogdoarmindomaia.com.br\/index.php?rest_route=%2Fwp%2Fv2%2Ftags&post=5844"}],"curies":[{"name":"wp","href":"https:\/\/api.w.org\/{rel}","templated":true}]}}