{"id":5850,"date":"2023-07-27T14:26:07","date_gmt":"2023-07-27T17:26:07","guid":{"rendered":"http:\/\/blogdoarmindomaia.com.br\/?p=5850"},"modified":"2023-07-27T14:26:09","modified_gmt":"2023-07-27T17:26:09","slug":"ultramaratonista-vai-correr-desafio-de-6-horas-na-esteira-no-centro-de-araxa-neste-sabado-29","status":"publish","type":"post","link":"http:\/\/blogdoarmindomaia.com.br\/?p=5850","title":{"rendered":"Ultramaratonista vai correr desafio de 6 horas na esteira no Centro de Arax\u00e1 neste s\u00e1bado (29)"},"content":{"rendered":"\n<figure class=\"wp-block-image size-large is-style-default\"><img loading=\"lazy\" decoding=\"async\" width=\"1024\" height=\"1024\" src=\"http:\/\/blogdoarmindomaia.com.br\/wp-content\/uploads\/2023\/07\/Gustavo-S1-1024x1024.jpg\" alt=\"\" class=\"wp-image-5851\" srcset=\"http:\/\/blogdoarmindomaia.com.br\/wp-content\/uploads\/2023\/07\/Gustavo-S1-1024x1024.jpg 1024w, http:\/\/blogdoarmindomaia.com.br\/wp-content\/uploads\/2023\/07\/Gustavo-S1-300x300.jpg 300w, http:\/\/blogdoarmindomaia.com.br\/wp-content\/uploads\/2023\/07\/Gustavo-S1-150x150.jpg 150w, http:\/\/blogdoarmindomaia.com.br\/wp-content\/uploads\/2023\/07\/Gustavo-S1-768x768.jpg 768w, http:\/\/blogdoarmindomaia.com.br\/wp-content\/uploads\/2023\/07\/Gustavo-S1.jpg 1440w\" sizes=\"auto, (max-width: 1024px) 100vw, 1024px\" \/><\/figure>\n\n\n\n<p>\u201cMonstr\u00e3o\u201d \u00e9 o apelido do atleta Gustavo Souza de 29 anos, o corredor de Trail Running promove o desafio de correr durante 6 horas em uma esteira com o objetivo de arrecadar recursos financeiros para custear a participa\u00e7\u00e3o em uma das maiores competi\u00e7\u00f5es de corrida de montanha do mundo.<\/p>\n\n\n\n<p>A UTMB \u00e9 uma Ultramaratona Internacional que ir\u00e1 contar com a participa\u00e7\u00e3o de atletas de 18 pa\u00edses, e que pela primeira vez acontece no Brasil entre os dias 21 a 24 de setembro em Paraty no Rio de Janeiro.<\/p>\n\n\n\n<p>Gustavo Souza \u00e9 atleta das equipes Cornelius e Forrest Run, sua voca\u00e7\u00e3o pelo esporte passou pelo Futebol Americano at\u00e9 chegar as corridas em 2018 quando passou a participar das corridas de rua em Arax\u00e1.&nbsp; A expressividade de Gustavo ultrapassou os limites do asfalto e ele se transformou em um dos maiores atletas em ascens\u00e3o na corrida de montanha \u2013 Trail Running e que hoje representa Arax\u00e1 na modalidade.<\/p>\n\n\n\n<p>Desde 2020 o atleta \u00e9 treinado pelo Profissional de Educa\u00e7\u00e3o F\u00edsica Chineyder Corr\u00eaa Tolentino, um dos gestores do Grupo Cornelius que viu em Gustavo um alto potencial. Em 2023, no m\u00eas de mar\u00e7o, o atleta esteve presente na Ultramatona Indomit uma das provas mais renomadas do pa\u00eds e extremamente t\u00e9cnica, onde cumpriu o percurso de 50KM dentro do cronograma previsto, a prova aconteceu em S\u00e3o Bento do Sapuca\u00ed, S\u00e3o Paulo.<\/p>\n\n\n\n<p>Em nova competi\u00e7\u00e3o no m\u00eas de maio, o atleta competiu nos 45KM da corrida Bocaina Park Trail alcan\u00e7ando o 5\u00ba no p\u00f3dio geral da competi\u00e7\u00e3o ao lado de grandes nomes do trail brasileiro. O atleta que est\u00e1 inscrito na UTMB ir\u00e1 representar Arax\u00e1 como ultramaratonista em setembro. Para custear as despesas da participa\u00e7\u00e3o o atleta promoveu a rifa de uma Air Fryer no valor de R$ 10.<\/p>\n\n\n\n<p>O Desafio do Monstr\u00e3o ir\u00e1 acontecer no Cal\u00e7ad\u00e3o da Rua Presidente Oleg\u00e1rio Maciel em frente \u00e0 loja Vila Cal\u00e7ados neste s\u00e1bado (29), das 8h \u00e0s 14h.<\/p>\n\n\n\n<p>Mas Gustavo n\u00e3o vai cumprir o desafio sozinho. Uma grande \u201cCorrente do Bem\u201d ser\u00e1 formada e todos aqueles que corredores ou n\u00e3o &nbsp;que queiram participar est\u00e3o sendo convidados a correr, caminhar ou apenas tirar uma foto ao lado do atleta em um esteira que ser\u00e1 colada ao lado da esteira do atleta.<\/p>\n\n\n\n<p>Os participantes tamb\u00e9m podem doar qualquer valor para o atleta atrav\u00e9s do QRcode via pix, a chave para as doa\u00e7\u00f5es \u00e9 o CPF do atleta: 105.410.026-86, empres\u00e1rios que queiram se tornar&nbsp;patrocinadores podem entrar em contato pelos telefones (34) 9 9219-3645 ou (34) 9 8804-3777.<strong>Parceiros:<\/strong><br>Vila Cal\u00e7ados<br>Grupo Cornelius<br>Power Suplementos<br>Espa\u00e7o Ecosense<br>Gera\u00e7\u00e3o Marmitarias Fit<br><\/p>\n","protected":false},"excerpt":{"rendered":"<p>\u201cMonstr\u00e3o\u201d \u00e9 o apelido do atleta Gustavo Souza de 29 anos, o corredor de Trail Running promove o desafio de<\/p>\n","protected":false},"author":2,"featured_media":5851,"comment_status":"open","ping_status":"open","sticky":false,"template":"","format":"standard","meta":{"footnotes":""},"categories":[9,11],"tags":[],"class_list":["post-5850","post","type-post","status-publish","format-standard","has-post-thumbnail","hentry","category-araxa","category-destaques"],"_links":{"self":[{"href":"http:\/\/blogdoarmindomaia.com.br\/index.php?rest_route=\/wp\/v2\/posts\/5850","targetHints":{"allow":["GET"]}}],"collection":[{"href":"http:\/\/blogdoarmindomaia.com.br\/index.php?rest_route=\/wp\/v2\/posts"}],"about":[{"href":"http:\/\/blogdoarmindomaia.com.br\/index.php?rest_route=\/wp\/v2\/types\/post"}],"author":[{"embeddable":true,"href":"http:\/\/blogdoarmindomaia.com.br\/index.php?rest_route=\/wp\/v2\/users\/2"}],"replies":[{"embeddable":true,"href":"http:\/\/blogdoarmindomaia.com.br\/index.php?rest_route=%2Fwp%2Fv2%2Fcomments&post=5850"}],"version-history":[{"count":1,"href":"http:\/\/blogdoarmindomaia.com.br\/index.php?rest_route=\/wp\/v2\/posts\/5850\/revisions"}],"predecessor-version":[{"id":5852,"href":"http:\/\/blogdoarmindomaia.com.br\/index.php?rest_route=\/wp\/v2\/posts\/5850\/revisions\/5852"}],"wp:featuredmedia":[{"embeddable":true,"href":"http:\/\/blogdoarmindomaia.com.br\/index.php?rest_route=\/wp\/v2\/media\/5851"}],"wp:attachment":[{"href":"http:\/\/blogdoarmindomaia.com.br\/index.php?rest_route=%2Fwp%2Fv2%2Fmedia&parent=5850"}],"wp:term":[{"taxonomy":"category","embeddable":true,"href":"http:\/\/blogdoarmindomaia.com.br\/index.php?rest_route=%2Fwp%2Fv2%2Fcategories&post=5850"},{"taxonomy":"post_tag","embeddable":true,"href":"http:\/\/blogdoarmindomaia.com.br\/index.php?rest_route=%2Fwp%2Fv2%2Ftags&post=5850"}],"curies":[{"name":"wp","href":"https:\/\/api.w.org\/{rel}","templated":true}]}}