{"id":5865,"date":"2023-07-27T14:38:26","date_gmt":"2023-07-27T17:38:26","guid":{"rendered":"http:\/\/blogdoarmindomaia.com.br\/?p=5865"},"modified":"2023-07-27T14:38:29","modified_gmt":"2023-07-27T17:38:29","slug":"dia-da-mulher-negra","status":"publish","type":"post","link":"http:\/\/blogdoarmindomaia.com.br\/?p=5865","title":{"rendered":"Dia da Mulher Negra"},"content":{"rendered":"\n<figure class=\"wp-block-image size-large is-style-default\"><img loading=\"lazy\" decoding=\"async\" width=\"1024\" height=\"682\" src=\"http:\/\/blogdoarmindomaia.com.br\/wp-content\/uploads\/2023\/07\/Mulher-Negra-Acao-7-1024x682.jpeg\" alt=\"\" class=\"wp-image-5866\" srcset=\"http:\/\/blogdoarmindomaia.com.br\/wp-content\/uploads\/2023\/07\/Mulher-Negra-Acao-7-1024x682.jpeg 1024w, http:\/\/blogdoarmindomaia.com.br\/wp-content\/uploads\/2023\/07\/Mulher-Negra-Acao-7-300x200.jpeg 300w, http:\/\/blogdoarmindomaia.com.br\/wp-content\/uploads\/2023\/07\/Mulher-Negra-Acao-7-768x512.jpeg 768w, http:\/\/blogdoarmindomaia.com.br\/wp-content\/uploads\/2023\/07\/Mulher-Negra-Acao-7.jpeg 1280w\" sizes=\"auto, (max-width: 1024px) 100vw, 1024px\" \/><\/figure>\n\n\n\n<figure class=\"wp-block-image size-large is-style-default\"><img loading=\"lazy\" decoding=\"async\" width=\"1024\" height=\"682\" src=\"http:\/\/blogdoarmindomaia.com.br\/wp-content\/uploads\/2023\/07\/Mulher-Negra-Acao-8-1024x682.jpeg\" alt=\"\" class=\"wp-image-5867\" srcset=\"http:\/\/blogdoarmindomaia.com.br\/wp-content\/uploads\/2023\/07\/Mulher-Negra-Acao-8-1024x682.jpeg 1024w, http:\/\/blogdoarmindomaia.com.br\/wp-content\/uploads\/2023\/07\/Mulher-Negra-Acao-8-300x200.jpeg 300w, http:\/\/blogdoarmindomaia.com.br\/wp-content\/uploads\/2023\/07\/Mulher-Negra-Acao-8-768x512.jpeg 768w, http:\/\/blogdoarmindomaia.com.br\/wp-content\/uploads\/2023\/07\/Mulher-Negra-Acao-8.jpeg 1280w\" sizes=\"auto, (max-width: 1024px) 100vw, 1024px\" \/><\/figure>\n\n\n\n<p>Um momento de valoriza\u00e7\u00e3o e celebra\u00e7\u00e3o! O Centro de Refer\u00eancia da Cultura Negra comemorou o Dia Internacional da Mulher Negra, com uma programa\u00e7\u00e3o especial realizada na ter\u00e7a-feira (25). Uma roda de autoamor, carregada de depoimentos emocionantes, e oficinas de tran\u00e7as, turbantes e penteados, enalteceram o papel da mulher negra na sociedade e a beleza que carregam em cada tra\u00e7o. \u201cFoi um evento muito bacana que nos proporcionou revisita\u00e7\u00f5es e ressignifica\u00e7\u00f5es acerca do nosso autocuidado, da nossa sa\u00fade mental e protagonismo. Estar com outras mulheres negras \u00e9 importante para nos fortalecermos, para que todas percebam que n\u00e3o est\u00e3o sozinhas, e que a cada dia podemos construir dias melhores\u201d, destaca a assistente social Jaqueline Santana, que participou das atividades.<br><\/p>\n","protected":false},"excerpt":{"rendered":"<p>Um momento de valoriza\u00e7\u00e3o e celebra\u00e7\u00e3o! O Centro de Refer\u00eancia da Cultura Negra comemorou o Dia Internacional da Mulher Negra,<\/p>\n","protected":false},"author":2,"featured_media":5867,"comment_status":"open","ping_status":"open","sticky":false,"template":"","format":"standard","meta":{"footnotes":""},"categories":[9,11],"tags":[],"class_list":["post-5865","post","type-post","status-publish","format-standard","has-post-thumbnail","hentry","category-araxa","category-destaques"],"_links":{"self":[{"href":"http:\/\/blogdoarmindomaia.com.br\/index.php?rest_route=\/wp\/v2\/posts\/5865","targetHints":{"allow":["GET"]}}],"collection":[{"href":"http:\/\/blogdoarmindomaia.com.br\/index.php?rest_route=\/wp\/v2\/posts"}],"about":[{"href":"http:\/\/blogdoarmindomaia.com.br\/index.php?rest_route=\/wp\/v2\/types\/post"}],"author":[{"embeddable":true,"href":"http:\/\/blogdoarmindomaia.com.br\/index.php?rest_route=\/wp\/v2\/users\/2"}],"replies":[{"embeddable":true,"href":"http:\/\/blogdoarmindomaia.com.br\/index.php?rest_route=%2Fwp%2Fv2%2Fcomments&post=5865"}],"version-history":[{"count":1,"href":"http:\/\/blogdoarmindomaia.com.br\/index.php?rest_route=\/wp\/v2\/posts\/5865\/revisions"}],"predecessor-version":[{"id":5868,"href":"http:\/\/blogdoarmindomaia.com.br\/index.php?rest_route=\/wp\/v2\/posts\/5865\/revisions\/5868"}],"wp:featuredmedia":[{"embeddable":true,"href":"http:\/\/blogdoarmindomaia.com.br\/index.php?rest_route=\/wp\/v2\/media\/5867"}],"wp:attachment":[{"href":"http:\/\/blogdoarmindomaia.com.br\/index.php?rest_route=%2Fwp%2Fv2%2Fmedia&parent=5865"}],"wp:term":[{"taxonomy":"category","embeddable":true,"href":"http:\/\/blogdoarmindomaia.com.br\/index.php?rest_route=%2Fwp%2Fv2%2Fcategories&post=5865"},{"taxonomy":"post_tag","embeddable":true,"href":"http:\/\/blogdoarmindomaia.com.br\/index.php?rest_route=%2Fwp%2Fv2%2Ftags&post=5865"}],"curies":[{"name":"wp","href":"https:\/\/api.w.org\/{rel}","templated":true}]}}