{"id":5884,"date":"2023-07-28T11:12:53","date_gmt":"2023-07-28T14:12:53","guid":{"rendered":"http:\/\/blogdoarmindomaia.com.br\/?p=5884"},"modified":"2023-07-28T11:12:55","modified_gmt":"2023-07-28T14:12:55","slug":"forum-comunitario-debate-a-implantacao-da-guarda-municipal","status":"publish","type":"post","link":"http:\/\/blogdoarmindomaia.com.br\/?p=5884","title":{"rendered":"F\u00f3rum Comunit\u00e1rio debate a implanta\u00e7\u00e3o da Guarda Municipal"},"content":{"rendered":"\n<figure class=\"wp-block-image size-large is-style-default\"><img loading=\"lazy\" decoding=\"async\" width=\"1024\" height=\"768\" src=\"http:\/\/blogdoarmindomaia.com.br\/wp-content\/uploads\/2023\/07\/plenario-2-1-1024x768.jpeg\" alt=\"\" class=\"wp-image-5885\" srcset=\"http:\/\/blogdoarmindomaia.com.br\/wp-content\/uploads\/2023\/07\/plenario-2-1-1024x768.jpeg 1024w, http:\/\/blogdoarmindomaia.com.br\/wp-content\/uploads\/2023\/07\/plenario-2-1-300x225.jpeg 300w, http:\/\/blogdoarmindomaia.com.br\/wp-content\/uploads\/2023\/07\/plenario-2-1-768x576.jpeg 768w, http:\/\/blogdoarmindomaia.com.br\/wp-content\/uploads\/2023\/07\/plenario-2-1-1536x1152.jpeg 1536w, http:\/\/blogdoarmindomaia.com.br\/wp-content\/uploads\/2023\/07\/plenario-2-1.jpeg 1600w\" sizes=\"auto, (max-width: 1024px) 100vw, 1024px\" \/><\/figure>\n\n\n\n<p>O plen\u00e1rio vereador Guilherme Gotelip Neto recebeu um F\u00f3rum Comunit\u00e1rio que debateu a import\u00e2ncia da implanta\u00e7\u00e3o da guarda municipal em Arax\u00e1. O evento foi solicitado pela vereadora Maristela Dutra.<\/p>\n\n\n\n<p>Al\u00e9m da vereadora solicitante, fizeram parte da mesa de honra as seguintes autoridades: Dr. Valter Andr\u00e9 Biscaro Salviano &#8211; Delegado regional de Pol\u00edcia Civil, Mauro Chaves &#8211; Vice-prefeito Municipal, Pablo Campos de Siqueira &#8211; Sargento do Corpo de Bombeiros e Rita de Souza &#8211; representando a classe dos vigilantes.<\/p>\n\n\n\n<p>A vereadora Maristela abriu o encontro comentando a import\u00e2ncia da implanta\u00e7\u00e3o da guarda municipal: \u201cCom o devido treinamento e armamento condizentes com o cumprimento de suas atribui\u00e7\u00f5es, a guarda municipal pode exercer a prote\u00e7\u00e3o de escolas, do meio ambiente, do patrim\u00f4nio p\u00fablico municipal, de outros agentes p\u00fablicos, de pessoas em situa\u00e7\u00e3o de rua e de espa\u00e7os p\u00fablicos\u201d.<\/p>\n\n\n\n<p>Os convidados foram un\u00e2nimes em expressar apoio \u00e0 implanta\u00e7\u00e3o. O vice-prefeito Mauro Chaves destacou que o projeto de lei que criou a guarda municipal foi aprovado no ano de 2014. Ele lamentou o fato de a implanta\u00e7\u00e3o n\u00e3o ter ocorrido at\u00e9 o momento, mas destacou que ocorreram avan\u00e7os para que ela aconte\u00e7a futuramente.<\/p>\n\n\n\n<p>Dr. Valter apoia a invers\u00e3o da pir\u00e2mide para que a guarda municipal seja a principal for\u00e7a e tenha plenos poderes, e com isso ocorra a redu\u00e7\u00e3o dos crimes em todo o Brasil.<\/p>\n\n\n\n<p>O juiz de direito e escritor Dr. Renato Zuppo gravou um v\u00eddeo para o evento. Ele tamb\u00e9m manifestou seu apoio \u00e0 implanta\u00e7\u00e3o da guarda municipal e deu exemplos de outras cidades em que essa for\u00e7a de seguran\u00e7a atua com efici\u00eancia.<\/p>\n\n\n\n<p>Ao final do encontro, os vereadores e o p\u00fablico presente participaram com perguntas e coment\u00e1rios. Maristela lamentou a aus\u00eancia do Prefeito Municipal e do Secret\u00e1rio de Seguran\u00e7a Urbana e Cidadania para responder perguntas relacionadas \u00e0 convoca\u00e7\u00e3o dos 153 aprovados no concurso p\u00fablico para os cargos de vigilantes (guardas patrimoniais) e com rela\u00e7\u00e3o \u00e0 situa\u00e7\u00e3o dos 185 vigilantes contratados.<\/p>\n","protected":false},"excerpt":{"rendered":"<p>O plen\u00e1rio vereador Guilherme Gotelip Neto recebeu um F\u00f3rum Comunit\u00e1rio que debateu a import\u00e2ncia da implanta\u00e7\u00e3o da guarda municipal em<\/p>\n","protected":false},"author":2,"featured_media":5885,"comment_status":"open","ping_status":"open","sticky":false,"template":"","format":"standard","meta":{"footnotes":""},"categories":[9,11],"tags":[],"class_list":["post-5884","post","type-post","status-publish","format-standard","has-post-thumbnail","hentry","category-araxa","category-destaques"],"_links":{"self":[{"href":"http:\/\/blogdoarmindomaia.com.br\/index.php?rest_route=\/wp\/v2\/posts\/5884","targetHints":{"allow":["GET"]}}],"collection":[{"href":"http:\/\/blogdoarmindomaia.com.br\/index.php?rest_route=\/wp\/v2\/posts"}],"about":[{"href":"http:\/\/blogdoarmindomaia.com.br\/index.php?rest_route=\/wp\/v2\/types\/post"}],"author":[{"embeddable":true,"href":"http:\/\/blogdoarmindomaia.com.br\/index.php?rest_route=\/wp\/v2\/users\/2"}],"replies":[{"embeddable":true,"href":"http:\/\/blogdoarmindomaia.com.br\/index.php?rest_route=%2Fwp%2Fv2%2Fcomments&post=5884"}],"version-history":[{"count":1,"href":"http:\/\/blogdoarmindomaia.com.br\/index.php?rest_route=\/wp\/v2\/posts\/5884\/revisions"}],"predecessor-version":[{"id":5886,"href":"http:\/\/blogdoarmindomaia.com.br\/index.php?rest_route=\/wp\/v2\/posts\/5884\/revisions\/5886"}],"wp:featuredmedia":[{"embeddable":true,"href":"http:\/\/blogdoarmindomaia.com.br\/index.php?rest_route=\/wp\/v2\/media\/5885"}],"wp:attachment":[{"href":"http:\/\/blogdoarmindomaia.com.br\/index.php?rest_route=%2Fwp%2Fv2%2Fmedia&parent=5884"}],"wp:term":[{"taxonomy":"category","embeddable":true,"href":"http:\/\/blogdoarmindomaia.com.br\/index.php?rest_route=%2Fwp%2Fv2%2Fcategories&post=5884"},{"taxonomy":"post_tag","embeddable":true,"href":"http:\/\/blogdoarmindomaia.com.br\/index.php?rest_route=%2Fwp%2Fv2%2Ftags&post=5884"}],"curies":[{"name":"wp","href":"https:\/\/api.w.org\/{rel}","templated":true}]}}