{"id":5888,"date":"2023-07-28T11:22:44","date_gmt":"2023-07-28T14:22:44","guid":{"rendered":"http:\/\/blogdoarmindomaia.com.br\/?p=5888"},"modified":"2023-07-28T11:22:46","modified_gmt":"2023-07-28T14:22:46","slug":"aqui-tem-mineiridade-festival-em-araxa-resgata-tradicoes-cultura-e-gastronomia-de-mg-3","status":"publish","type":"post","link":"http:\/\/blogdoarmindomaia.com.br\/?p=5888","title":{"rendered":"Aqui tem Mineiridade: Festival em Arax\u00e1 resgata tradi\u00e7\u00f5es, cultura e gastronomia de MG"},"content":{"rendered":"\n<figure class=\"wp-block-image size-large is-style-default\"><img loading=\"lazy\" decoding=\"async\" width=\"1024\" height=\"1024\" src=\"http:\/\/blogdoarmindomaia.com.br\/wp-content\/uploads\/2023\/07\/logo-1024x1024.jpeg\" alt=\"\" class=\"wp-image-5889\" srcset=\"http:\/\/blogdoarmindomaia.com.br\/wp-content\/uploads\/2023\/07\/logo-1024x1024.jpeg 1024w, http:\/\/blogdoarmindomaia.com.br\/wp-content\/uploads\/2023\/07\/logo-300x300.jpeg 300w, http:\/\/blogdoarmindomaia.com.br\/wp-content\/uploads\/2023\/07\/logo-150x150.jpeg 150w, http:\/\/blogdoarmindomaia.com.br\/wp-content\/uploads\/2023\/07\/logo-768x768.jpeg 768w, http:\/\/blogdoarmindomaia.com.br\/wp-content\/uploads\/2023\/07\/logo.jpeg 1280w\" sizes=\"auto, (max-width: 1024px) 100vw, 1024px\" \/><\/figure>\n\n\n\n<p><em>Evento ser\u00e1 realizado entre os dias 28 e 29 de julho na sede da Funda\u00e7\u00e3o Cultural Calmon Barreto<\/em><\/p>\n\n\n\n<p>Arax\u00e1 vai receber entre os dias 28 e 29 de julho um grande evento com os sabores, aromas, sons, cores e texturas de Minas Gerais. O Festival \u201cAqui tem Mineiridade\u201d reinaugura o espa\u00e7o de eventos da sede da Funda\u00e7\u00e3o Cultural Calmon Barreto e, na antiga esta\u00e7\u00e3o de trens da cidade, convida araxaenses e turistas para uma viagem inesquec\u00edvel. \u201cUm trem carregado de del\u00edcias e recorda\u00e7\u00f5es que s\u00f3 a gente entende, mas, mesmo assim, quer dividir com todo o mundo. Esse \u00e9 um encontro com as tradi\u00e7\u00f5es. O bolo de fub\u00e1 assando no forno a lenha, o cafezinho coado na hora e o p\u00e3o de queijo inconfund\u00edvel\u201d, comenta o organizador Carlos Alberto Ribeiro Sales, o Baca.<\/p>\n\n\n\n<p>Nos dois dias de festival, artistas locais se revezar\u00e3o no palco, enaltecendo a produ\u00e7\u00e3o musical mineira. Na culin\u00e1ria, pratos t\u00edpicos, feitos de forma tradicional ou montados em formato de produ\u00e7\u00e3o, sem perder a mineiridade peculiar que eles carregam. \u201cTodos v\u00e3o se sentir em casa. Al\u00e9m das atra\u00e7\u00f5es musicais teremos comitivas e pra\u00e7a de alimenta\u00e7\u00e3o com comidas t\u00edpicas. \u00c9 tudo que o mineiro gosta em um mesmo lugar\u201d, ressalta.<\/p>\n\n\n\n<p><strong>Programa\u00e7\u00e3o musical<\/strong><\/p>\n\n\n\n<p><em>28\/07<\/em><\/p>\n\n\n\n<p>&#8211; Pedro Henrique e Daniel<\/p>\n\n\n\n<p>&#8211; Mama Jamma<\/p>\n\n\n\n<p><em>29\/07<\/em><\/p>\n\n\n\n<p>&#8211; Jeane e Eliane<\/p>\n\n\n\n<p>&#8211; Ricardo e Leonardo<\/p>\n\n\n\n<p>&#8211; Os Arach\u00e1s<\/p>\n\n\n\n<p><strong>Sobre o evento<\/strong><\/p>\n\n\n\n<p>Um resgate da mem\u00f3ria a fim de enaltecer Minas Gerais e suas tradi\u00e7\u00f5es seculares, que h\u00e1 anos encantam quem passa por aqui, o Festival Aqui tem Mineiridade entra no calend\u00e1rio dos grandes eventos de Arax\u00e1 a partir deste ano.<\/p>\n\n\n\n<p>O encontro \u00e9 uma realiza\u00e7\u00e3o da Associa\u00e7\u00e3o de Moradores e Amigos dos Bairros, Adhemar R. Valle Jr., Andr\u00e9ia, \u00c1rea III e Est\u00e2ncia, com o apoio da Prefeitura Municipal de Arax\u00e1, por meio da Funda\u00e7\u00e3o Cultural Calmon Barreto (FCCB).<\/p>\n\n\n\n<p><strong>Servi\u00e7o<\/strong><\/p>\n\n\n\n<p><strong><em>Festival Aqui tem Mineiridade<\/em><\/strong><\/p>\n\n\n\n<p><strong><em>Data:&nbsp;<\/em><\/strong><em>&nbsp;<\/em>28 e 29\/07<\/p>\n\n\n\n<p><strong><em>Hor\u00e1rio:&nbsp;<\/em><\/strong><em>a partir de 18h na sexta (28) e a partir de 12h no s\u00e1bado (29)<\/em><\/p>\n\n\n\n<p><strong><em>Local:&nbsp;<\/em><\/strong><strong>&nbsp;<\/strong>Funda\u00e7\u00e3o Cultural Calmon Barreto<\/p>\n\n\n\n<p><em>Entrada gratuita<\/em><\/p>\n","protected":false},"excerpt":{"rendered":"<p>Evento ser\u00e1 realizado entre os dias 28 e 29 de julho na sede da Funda\u00e7\u00e3o Cultural Calmon Barreto Arax\u00e1 vai<\/p>\n","protected":false},"author":2,"featured_media":5889,"comment_status":"open","ping_status":"open","sticky":false,"template":"","format":"standard","meta":{"footnotes":""},"categories":[9,5,11],"tags":[],"class_list":["post-5888","post","type-post","status-publish","format-standard","has-post-thumbnail","hentry","category-araxa","category-arte-e-cultura","category-destaques"],"_links":{"self":[{"href":"http:\/\/blogdoarmindomaia.com.br\/index.php?rest_route=\/wp\/v2\/posts\/5888","targetHints":{"allow":["GET"]}}],"collection":[{"href":"http:\/\/blogdoarmindomaia.com.br\/index.php?rest_route=\/wp\/v2\/posts"}],"about":[{"href":"http:\/\/blogdoarmindomaia.com.br\/index.php?rest_route=\/wp\/v2\/types\/post"}],"author":[{"embeddable":true,"href":"http:\/\/blogdoarmindomaia.com.br\/index.php?rest_route=\/wp\/v2\/users\/2"}],"replies":[{"embeddable":true,"href":"http:\/\/blogdoarmindomaia.com.br\/index.php?rest_route=%2Fwp%2Fv2%2Fcomments&post=5888"}],"version-history":[{"count":1,"href":"http:\/\/blogdoarmindomaia.com.br\/index.php?rest_route=\/wp\/v2\/posts\/5888\/revisions"}],"predecessor-version":[{"id":5890,"href":"http:\/\/blogdoarmindomaia.com.br\/index.php?rest_route=\/wp\/v2\/posts\/5888\/revisions\/5890"}],"wp:featuredmedia":[{"embeddable":true,"href":"http:\/\/blogdoarmindomaia.com.br\/index.php?rest_route=\/wp\/v2\/media\/5889"}],"wp:attachment":[{"href":"http:\/\/blogdoarmindomaia.com.br\/index.php?rest_route=%2Fwp%2Fv2%2Fmedia&parent=5888"}],"wp:term":[{"taxonomy":"category","embeddable":true,"href":"http:\/\/blogdoarmindomaia.com.br\/index.php?rest_route=%2Fwp%2Fv2%2Fcategories&post=5888"},{"taxonomy":"post_tag","embeddable":true,"href":"http:\/\/blogdoarmindomaia.com.br\/index.php?rest_route=%2Fwp%2Fv2%2Ftags&post=5888"}],"curies":[{"name":"wp","href":"https:\/\/api.w.org\/{rel}","templated":true}]}}