{"id":59,"date":"2022-03-23T16:43:06","date_gmt":"2022-03-23T19:43:06","guid":{"rendered":"http:\/\/blogdoarmindomaia.com.br\/?p=59"},"modified":"2022-03-23T16:43:08","modified_gmt":"2022-03-23T19:43:08","slug":"vigilancia-em-saude-utiliza-carro-fumace-para-combater-a-dengue-em-araxa","status":"publish","type":"post","link":"http:\/\/blogdoarmindomaia.com.br\/?p=59","title":{"rendered":"Vigil\u00e2ncia em Sa\u00fade utiliza carro fumac\u00ea para combater a dengue em Arax\u00e1"},"content":{"rendered":"\n<figure class=\"wp-block-image size-full\"><img loading=\"lazy\" decoding=\"async\" width=\"400\" height=\"266\" src=\"http:\/\/blogdoarmindomaia.com.br\/wp-content\/uploads\/2022\/03\/carro-fumace.jpg\" alt=\"\" class=\"wp-image-60\" srcset=\"http:\/\/blogdoarmindomaia.com.br\/wp-content\/uploads\/2022\/03\/carro-fumace.jpg 400w, http:\/\/blogdoarmindomaia.com.br\/wp-content\/uploads\/2022\/03\/carro-fumace-300x200.jpg 300w\" sizes=\"auto, (max-width: 400px) 100vw, 400px\" \/><\/figure>\n\n\n\n<p>Como a\u00e7\u00e3o estrat\u00e9gica para reduzir os focos do mosquito Aedes aegypti na cidade, a Prefeitura de Arax\u00e1, por meio da Vigil\u00e2ncia em Sa\u00fade, utiliza o carro fumac\u00ea para evitar a prolifera\u00e7\u00e3o da dengue a partir desta ter\u00e7a-feira (22). O servi\u00e7o percorre as regi\u00f5es que apresentaram maior \u00edndice de notifica\u00e7\u00f5es nas \u00faltimas quatro semanas epidemiol\u00f3gicas. O objetivo \u00e9 bloquear a a\u00e7\u00e3o do mosquito e, consequentemente, a transmiss\u00e3o da doen\u00e7a.<br><br>A pulveriza\u00e7\u00e3o de inseticida de Ultra Baixo Volume (UBV) pesado, conhecido como carro fumac\u00ea, foi aprovado pela Secretaria de Estado de Sa\u00fade (SES) depois que a cidade obteve um aumento consider\u00e1vel no n\u00famero de notifica\u00e7\u00f5es da doen\u00e7a em alguns bairros. De janeiro a mar\u00e7o deste ano, Arax\u00e1 teve um total de 249 notifica\u00e7\u00f5es e 40 casos confirmados de dengue. No mesmo per\u00edodo do ano anterior foram 126 notifica\u00e7\u00f5es e apenas dois casos positivos.<br><br>As a\u00e7\u00f5es acontecem em hor\u00e1rios estrat\u00e9gicos para otimizar os servi\u00e7os de pulveriza\u00e7\u00e3o do inseticida e seguem inicialmente uma programa\u00e7\u00e3o dividida em quatro ciclos, entre os dias 22 e 25 de mar\u00e7o. Os hor\u00e1rios de atua\u00e7\u00e3o do ve\u00edculo fumac\u00ea s\u00e3o pela manh\u00e3, das 5h \u00e0s 9h, e na parte da tarde, das 17h \u00e0s 22h. Neste primeiro momento, ser\u00e3o contemplados os bairros Monte Verde, Residencial Ac\u00e1cias, Lamartine, Villa Verde 1, Residencial Vit\u00f3ria, Bela Vista, Santo Ant\u00f4nio, Villagio 2 e Boa Vista.<br><br>De acordo com Secretaria Municipal de Sa\u00fade, algumas medidas devem ser seguidas pelos moradores no momento em que o ve\u00edculo passa pela rua, como manter portas e janelas abertas, evitar ficar pr\u00f3ximo ao carro, cobrir reservat\u00f3rios de \u00e1gua para consumo e retirar roupas expostas em varais e recipientes onde animais de estima\u00e7\u00e3o bebem \u00e1gua e se alimentam.\u00a0<br><br>A coordenadora da Vigil\u00e2ncia em Sa\u00fade de Arax\u00e1, Leninha Severo, explica que o carro fumac\u00ea age como forma de complementar e promover a r\u00e1pida interrup\u00e7\u00e3o da transmiss\u00e3o da dengue e precisa estar associada \u00e0 conscientiza\u00e7\u00e3o da popula\u00e7\u00e3o.\u00a0<br><br>\u201c\u00c9 extremamente importante o envolvimento da sociedade no combate \u00e0 doen\u00e7a. Portanto, pedimos a todos que reserve um tempo com os cuidados no domic\u00edlio, como por exemplo, evitar recipientes com \u00e1gua parada, manter caixas d\u2019\u00e1gua e lixeiras sempre tampadas, quintal sem lixo e sem entulho, garrafas e baldes de cabe\u00e7a para baixo, ralos limpos e com aplica\u00e7\u00e3o de tela, bebedouros de animais periodicamente limpos com bucha e escova. Al\u00e9m disso, pedimos que recebam sempre os agentes de combate a endemias em suas visitas domiciliares\u201d, destaca.<br><br><strong>Cronograma da semana<br><\/strong><br><strong>Data<\/strong>: 22\/03\/2022<br><strong>Per\u00edodo<\/strong>: Manh\u00e3<br><strong>Hor\u00e1rio<\/strong>: 5h \u00e0s 11h<br><strong>Ciclo<\/strong>: 1\u00ba ciclo<br><strong>Bairros<\/strong>: Monte Verde, Residencial Ac\u00e1cias, Lamartine, Villa Verde 1, Residencial Vit\u00f3ria e Bela Vista.<br><br><strong>Data<\/strong>: 22\/03\/2022<br><strong>Per\u00edodo<\/strong>: Tarde\/Noite<br><strong>Hor\u00e1rio<\/strong>: 17h \u00e0s 22h<br><strong>Ciclo<\/strong>: 1\u00ba ciclo<br><strong>Bairros<\/strong>: Santo Ant\u00f4nio, Villagio 2 e Boa Vista.<br><br><strong>Data<\/strong>: 23\/03\/2022<br><strong>Per\u00edodo<\/strong>: Manh\u00e3<br><strong>Hor\u00e1rio<\/strong>: 5h \u00e0s 11h<br><strong>Ciclo<\/strong>: 2\u00ba ciclo<br><strong>Bairros<\/strong>: Monte Verde, Residencial Ac\u00e1cias, Lamartine, Villa Verde 1, Residencial Vit\u00f3ria e Bela Vista.<br><br><strong>Data<\/strong>: 23\/03\/2022<br><strong>Per\u00edodo<\/strong>: Tarde\/Noite<br><strong>Hor\u00e1rio<\/strong>: 17h \u00e0s 22h<br><strong>Ciclo<\/strong>: 2\u00ba ciclo<br><strong>Bairros<\/strong>: Santo Ant\u00f4nio, Villagio 2 e Boa Vista.<br><br><strong>Data<\/strong>: 24\/03\/2022<br><strong>Per\u00edodo<\/strong>: Manh\u00e3<br><strong>Hor\u00e1rio<\/strong>: 5h \u00e0s 11h<br><strong>Ciclo<\/strong>: 3\u00ba ciclo<br><strong>Bairros<\/strong>: Monte Verde, Residencial Ac\u00e1cias, Lamartine, Villa Verde 1, Residencial Vit\u00f3ria e Bela Vista.<br><br><strong>Data:\u00a0<\/strong>24\/03\/2022<br><strong>Per\u00edodo<\/strong>: Tarde\/Noite<br><strong>Hor\u00e1rio<\/strong>: 17h \u00e0s 22h<br><strong>Ciclo<\/strong>: 3\u00ba ciclo<br><strong>Bairros<\/strong>: Santo Ant\u00f4nio, Villagio 2 e Boa Vista.<br><br><strong>Data<\/strong>: 25\/03\/2022<br><strong>Per\u00edodo<\/strong>: Manh\u00e3<br><strong>Hor\u00e1rio<\/strong>: 5h \u00e0s 11h<br><strong>Ciclo<\/strong>: 4\u00ba ciclo<br><strong>Bairros<\/strong>: Monte Verde, Residencial Ac\u00e1cias, Lamartine, Villa Verde 1, Residencial Vit\u00f3ria e Bela Vista.<br><br><strong>Data<\/strong>: 25\/03\/2022<br><strong>Per\u00edodo<\/strong>: Tarde\/Noite<br><strong>Hor\u00e1rio<\/strong>: 17h \u00e0s 22h<br><strong>Ciclo<\/strong>: 4\u00ba ciclo<br><strong>Bairros<\/strong>: Santo Ant\u00f4nio, Villagio 2 e Boa Vista.<\/p>\n","protected":false},"excerpt":{"rendered":"<p>Como a\u00e7\u00e3o estrat\u00e9gica para reduzir os focos do mosquito Aedes aegypti na cidade, a Prefeitura de Arax\u00e1, por meio da<\/p>\n","protected":false},"author":1,"featured_media":60,"comment_status":"open","ping_status":"open","sticky":false,"template":"","format":"standard","meta":{"footnotes":""},"categories":[9,29],"tags":[],"class_list":["post-59","post","type-post","status-publish","format-standard","has-post-thumbnail","hentry","category-araxa","category-saude"],"_links":{"self":[{"href":"http:\/\/blogdoarmindomaia.com.br\/index.php?rest_route=\/wp\/v2\/posts\/59","targetHints":{"allow":["GET"]}}],"collection":[{"href":"http:\/\/blogdoarmindomaia.com.br\/index.php?rest_route=\/wp\/v2\/posts"}],"about":[{"href":"http:\/\/blogdoarmindomaia.com.br\/index.php?rest_route=\/wp\/v2\/types\/post"}],"author":[{"embeddable":true,"href":"http:\/\/blogdoarmindomaia.com.br\/index.php?rest_route=\/wp\/v2\/users\/1"}],"replies":[{"embeddable":true,"href":"http:\/\/blogdoarmindomaia.com.br\/index.php?rest_route=%2Fwp%2Fv2%2Fcomments&post=59"}],"version-history":[{"count":1,"href":"http:\/\/blogdoarmindomaia.com.br\/index.php?rest_route=\/wp\/v2\/posts\/59\/revisions"}],"predecessor-version":[{"id":61,"href":"http:\/\/blogdoarmindomaia.com.br\/index.php?rest_route=\/wp\/v2\/posts\/59\/revisions\/61"}],"wp:featuredmedia":[{"embeddable":true,"href":"http:\/\/blogdoarmindomaia.com.br\/index.php?rest_route=\/wp\/v2\/media\/60"}],"wp:attachment":[{"href":"http:\/\/blogdoarmindomaia.com.br\/index.php?rest_route=%2Fwp%2Fv2%2Fmedia&parent=59"}],"wp:term":[{"taxonomy":"category","embeddable":true,"href":"http:\/\/blogdoarmindomaia.com.br\/index.php?rest_route=%2Fwp%2Fv2%2Fcategories&post=59"},{"taxonomy":"post_tag","embeddable":true,"href":"http:\/\/blogdoarmindomaia.com.br\/index.php?rest_route=%2Fwp%2Fv2%2Ftags&post=59"}],"curies":[{"name":"wp","href":"https:\/\/api.w.org\/{rel}","templated":true}]}}