{"id":5903,"date":"2023-07-31T10:59:05","date_gmt":"2023-07-31T13:59:05","guid":{"rendered":"http:\/\/blogdoarmindomaia.com.br\/?p=5903"},"modified":"2023-07-31T10:59:07","modified_gmt":"2023-07-31T13:59:07","slug":"projeto-vida-em-movimento-beneficia-mais-de-240-criancas","status":"publish","type":"post","link":"http:\/\/blogdoarmindomaia.com.br\/?p=5903","title":{"rendered":"Projeto Vida em Movimento beneficia mais de 240 crian\u00e7as"},"content":{"rendered":"\n<figure class=\"wp-block-image size-full is-style-default\"><img loading=\"lazy\" decoding=\"async\" width=\"1024\" height=\"683\" src=\"http:\/\/blogdoarmindomaia.com.br\/wp-content\/uploads\/2023\/07\/Vida-em-Movimento-7-1.jpeg\" alt=\"\" class=\"wp-image-5904\" srcset=\"http:\/\/blogdoarmindomaia.com.br\/wp-content\/uploads\/2023\/07\/Vida-em-Movimento-7-1.jpeg 1024w, http:\/\/blogdoarmindomaia.com.br\/wp-content\/uploads\/2023\/07\/Vida-em-Movimento-7-1-300x200.jpeg 300w, http:\/\/blogdoarmindomaia.com.br\/wp-content\/uploads\/2023\/07\/Vida-em-Movimento-7-1-768x512.jpeg 768w\" sizes=\"auto, (max-width: 1024px) 100vw, 1024px\" \/><\/figure>\n\n\n\n<p>Promover o esporte, lazer e educa\u00e7\u00e3o para 246 crian\u00e7as e adolescentes em vulnerabilidade social. Este \u00e9 o objetivo do projeto Vida em Movimento, executado pelas Secretarias Municipais de A\u00e7\u00e3o Social e de Esportes, no Centro Esportivo \u00c1lvaro Maneira (antigo ATC).<br><br>O projeto oferece aulas de nata\u00e7\u00e3o, t\u00eanis, treinamento funcional e refor\u00e7o escolar durante o contraturno. Os alunos selecionados se enquadram nos crit\u00e9rios de renda familiar bruta, matr\u00edcula na Rede Municipal de Ensino, benefici\u00e1rios de programas sociais e parceria com o Minist\u00e9rio P\u00fablico e Poder Judici\u00e1rio para a sele\u00e7\u00e3o dos que mais precisam.<br><br>Al\u00e9m das atividades, o Vida em Movimento leva palestras sobre temas como bullying, viol\u00eancia, explora\u00e7\u00e3o infantil, entre outros, com o objetivo de promover a conscientiza\u00e7\u00e3o e preven\u00e7\u00e3o.<br><br>A coordenadora Ana L\u00facia Silva destaca que o projeto \u00e9 uma importante ferramenta de transforma\u00e7\u00e3o e inclus\u00e3o. \u201cO Viva em Movimento foi lan\u00e7ado para impactar positivamente o dia a dia dos alunos atendidos e de seus familiares. \u00c9 contribuir para que o futuro deles se torne ainda mais promissor\u201d, diz.<br><br>De acordo com o prefeito Robson Magela, al\u00e9m dos benef\u00edcios ofertados, o Vida em Movimento desempenha um papel social fundamental no acolhimento de crian\u00e7as e adolescentes carentes. \u201cEstamos imensamente felizes com o lan\u00e7amento de mais um projeto para uma faixa et\u00e1ria que precisa de aten\u00e7\u00e3o e cuidado, e traz a oportunidade de mudan\u00e7as significativas na vida de cada um\u201d, ressalta o prefeito.<\/p>\n","protected":false},"excerpt":{"rendered":"<p>Promover o esporte, lazer e educa\u00e7\u00e3o para 246 crian\u00e7as e adolescentes em vulnerabilidade social. Este \u00e9 o objetivo do projeto<\/p>\n","protected":false},"author":2,"featured_media":5900,"comment_status":"open","ping_status":"open","sticky":false,"template":"","format":"standard","meta":{"footnotes":""},"categories":[9,11],"tags":[],"class_list":["post-5903","post","type-post","status-publish","format-standard","has-post-thumbnail","hentry","category-araxa","category-destaques"],"_links":{"self":[{"href":"http:\/\/blogdoarmindomaia.com.br\/index.php?rest_route=\/wp\/v2\/posts\/5903","targetHints":{"allow":["GET"]}}],"collection":[{"href":"http:\/\/blogdoarmindomaia.com.br\/index.php?rest_route=\/wp\/v2\/posts"}],"about":[{"href":"http:\/\/blogdoarmindomaia.com.br\/index.php?rest_route=\/wp\/v2\/types\/post"}],"author":[{"embeddable":true,"href":"http:\/\/blogdoarmindomaia.com.br\/index.php?rest_route=\/wp\/v2\/users\/2"}],"replies":[{"embeddable":true,"href":"http:\/\/blogdoarmindomaia.com.br\/index.php?rest_route=%2Fwp%2Fv2%2Fcomments&post=5903"}],"version-history":[{"count":1,"href":"http:\/\/blogdoarmindomaia.com.br\/index.php?rest_route=\/wp\/v2\/posts\/5903\/revisions"}],"predecessor-version":[{"id":5905,"href":"http:\/\/blogdoarmindomaia.com.br\/index.php?rest_route=\/wp\/v2\/posts\/5903\/revisions\/5905"}],"wp:featuredmedia":[{"embeddable":true,"href":"http:\/\/blogdoarmindomaia.com.br\/index.php?rest_route=\/wp\/v2\/media\/5900"}],"wp:attachment":[{"href":"http:\/\/blogdoarmindomaia.com.br\/index.php?rest_route=%2Fwp%2Fv2%2Fmedia&parent=5903"}],"wp:term":[{"taxonomy":"category","embeddable":true,"href":"http:\/\/blogdoarmindomaia.com.br\/index.php?rest_route=%2Fwp%2Fv2%2Fcategories&post=5903"},{"taxonomy":"post_tag","embeddable":true,"href":"http:\/\/blogdoarmindomaia.com.br\/index.php?rest_route=%2Fwp%2Fv2%2Ftags&post=5903"}],"curies":[{"name":"wp","href":"https:\/\/api.w.org\/{rel}","templated":true}]}}