{"id":5906,"date":"2023-07-31T11:06:04","date_gmt":"2023-07-31T14:06:04","guid":{"rendered":"http:\/\/blogdoarmindomaia.com.br\/?p=5906"},"modified":"2023-07-31T11:06:06","modified_gmt":"2023-07-31T14:06:06","slug":"acao-social-promove-encontro-intermunicipal-60","status":"publish","type":"post","link":"http:\/\/blogdoarmindomaia.com.br\/?p=5906","title":{"rendered":"A\u00e7\u00e3o Social promove Encontro Intermunicipal 60+"},"content":{"rendered":"\n<figure class=\"wp-block-image size-full is-style-default\"><img loading=\"lazy\" decoding=\"async\" width=\"1024\" height=\"683\" src=\"http:\/\/blogdoarmindomaia.com.br\/wp-content\/uploads\/2023\/07\/Acao-Social-promove-Encontro-Intermunicipal-60-pag-03.jpeg\" alt=\"\" class=\"wp-image-5907\" srcset=\"http:\/\/blogdoarmindomaia.com.br\/wp-content\/uploads\/2023\/07\/Acao-Social-promove-Encontro-Intermunicipal-60-pag-03.jpeg 1024w, http:\/\/blogdoarmindomaia.com.br\/wp-content\/uploads\/2023\/07\/Acao-Social-promove-Encontro-Intermunicipal-60-pag-03-300x200.jpeg 300w, http:\/\/blogdoarmindomaia.com.br\/wp-content\/uploads\/2023\/07\/Acao-Social-promove-Encontro-Intermunicipal-60-pag-03-768x512.jpeg 768w\" sizes=\"auto, (max-width: 1024px) 100vw, 1024px\" \/><\/figure>\n\n\n\n<p>Integra\u00e7\u00e3o social e cultural. A Secretaria Municipal de A\u00e7\u00e3o Social promoveu o 1\u00ba Encontro Intermunicipal 60+, no Centro de Refer\u00eancia de Assist\u00eancia Social (CRAS) Aboli\u00e7\u00e3o, onde reuniu mais de 90 pessoas das cidades de Arax\u00e1 e Patroc\u00ednio. A iniciativa propiciou acesso \u00e0 cultura e a possibilidade de conhecimento de novos lugares, al\u00e9m de estimular a conviv\u00eancia em grupo na sociedade e na fam\u00edlia.<br><br>Participaram do evento os idosos atendidos pelo CRAS Aboli\u00e7\u00e3o, pelos N\u00facleos de Conviv\u00eancia P\u00e3o de A\u00e7\u00facar 1 e 4, Tiradentes, Boa Vista e pelo CRAS Jos\u00e9 Ribeiro (Patroc\u00ednio).<br><br>Na oportunidade, os idosos participaram de rodas de conversa, assistiram apresenta\u00e7\u00f5es teatrais e musicais e visitaram a Pra\u00e7a da Fam\u00edlia e o Museu Calmon Barreto e Memorial de Arax\u00e1.<br><br>Durante participa\u00e7\u00e3o em uma das atividades, o prefeito Robson Magela destacou a import\u00e2ncia da a\u00e7\u00e3o desenvolvida entre as cidades, que fortalece os la\u00e7os comunit\u00e1rios e garante que os idosos se sintam valorizados e integrados \u00e0 sociedade.<br><br>\u201cS\u00e3o atividades de extrema import\u00e2ncia, pois proporcionam inclus\u00e3o, melhoram a qualidade de vida e o bem-estar. Nesses espa\u00e7os s\u00e3o realizadas iniciativas que oferecem suporte nas \u00e1reas de sa\u00fade, bem-estar e acolhimento e promovem o envelhecimento saud\u00e1vel. Al\u00e9m disso, ajudam a combater o isolamento e a solid\u00e3o\u201d, refor\u00e7a o prefeito.<br><br>De acordo com o secret\u00e1rio de A\u00e7\u00e3o Social, Wagner Cruz, o encontro promoveu uma experi\u00eancia enriquecedora para os participantes. \u201cFoi um momento muito importante para todos os envolvidos. Por meio dessa abordagem colaborativa, as cidades envolvidas tiveram a oportunidade de compartilhar boas pr\u00e1ticas e desenvolver solu\u00e7\u00f5es conjuntas para desafios comuns enfrentados pelos idosos\u201d, destaca.<\/p>\n","protected":false},"excerpt":{"rendered":"<p>Integra\u00e7\u00e3o social e cultural. A Secretaria Municipal de A\u00e7\u00e3o Social promoveu o 1\u00ba Encontro Intermunicipal 60+, no Centro de Refer\u00eancia<\/p>\n","protected":false},"author":2,"featured_media":5907,"comment_status":"open","ping_status":"open","sticky":false,"template":"","format":"standard","meta":{"footnotes":""},"categories":[9,11],"tags":[],"class_list":["post-5906","post","type-post","status-publish","format-standard","has-post-thumbnail","hentry","category-araxa","category-destaques"],"_links":{"self":[{"href":"http:\/\/blogdoarmindomaia.com.br\/index.php?rest_route=\/wp\/v2\/posts\/5906","targetHints":{"allow":["GET"]}}],"collection":[{"href":"http:\/\/blogdoarmindomaia.com.br\/index.php?rest_route=\/wp\/v2\/posts"}],"about":[{"href":"http:\/\/blogdoarmindomaia.com.br\/index.php?rest_route=\/wp\/v2\/types\/post"}],"author":[{"embeddable":true,"href":"http:\/\/blogdoarmindomaia.com.br\/index.php?rest_route=\/wp\/v2\/users\/2"}],"replies":[{"embeddable":true,"href":"http:\/\/blogdoarmindomaia.com.br\/index.php?rest_route=%2Fwp%2Fv2%2Fcomments&post=5906"}],"version-history":[{"count":1,"href":"http:\/\/blogdoarmindomaia.com.br\/index.php?rest_route=\/wp\/v2\/posts\/5906\/revisions"}],"predecessor-version":[{"id":5909,"href":"http:\/\/blogdoarmindomaia.com.br\/index.php?rest_route=\/wp\/v2\/posts\/5906\/revisions\/5909"}],"wp:featuredmedia":[{"embeddable":true,"href":"http:\/\/blogdoarmindomaia.com.br\/index.php?rest_route=\/wp\/v2\/media\/5907"}],"wp:attachment":[{"href":"http:\/\/blogdoarmindomaia.com.br\/index.php?rest_route=%2Fwp%2Fv2%2Fmedia&parent=5906"}],"wp:term":[{"taxonomy":"category","embeddable":true,"href":"http:\/\/blogdoarmindomaia.com.br\/index.php?rest_route=%2Fwp%2Fv2%2Fcategories&post=5906"},{"taxonomy":"post_tag","embeddable":true,"href":"http:\/\/blogdoarmindomaia.com.br\/index.php?rest_route=%2Fwp%2Fv2%2Ftags&post=5906"}],"curies":[{"name":"wp","href":"https:\/\/api.w.org\/{rel}","templated":true}]}}