{"id":591,"date":"2022-05-02T19:22:51","date_gmt":"2022-05-02T22:22:51","guid":{"rendered":"http:\/\/blogdoarmindomaia.com.br\/?p=591"},"modified":"2022-05-02T19:22:53","modified_gmt":"2022-05-02T22:22:53","slug":"a-segunda-etapa-da-campanha-de-vacinacao-contra-a-gripe-e-o-sarampo-comecou-em-araxa","status":"publish","type":"post","link":"http:\/\/blogdoarmindomaia.com.br\/?p=591","title":{"rendered":"A segunda etapa da Campanha de Vacina\u00e7\u00e3o contra a Gripe e o Sarampo come\u00e7ou\u00a0em Arax\u00e1"},"content":{"rendered":"\n<figure class=\"wp-block-image size-full is-style-default\"><img loading=\"lazy\" decoding=\"async\" width=\"1024\" height=\"683\" src=\"http:\/\/blogdoarmindomaia.com.br\/wp-content\/uploads\/2022\/05\/Vacinacao-02.05.2022.jpeg\" alt=\"\" class=\"wp-image-592\" srcset=\"http:\/\/blogdoarmindomaia.com.br\/wp-content\/uploads\/2022\/05\/Vacinacao-02.05.2022.jpeg 1024w, http:\/\/blogdoarmindomaia.com.br\/wp-content\/uploads\/2022\/05\/Vacinacao-02.05.2022-300x200.jpeg 300w, http:\/\/blogdoarmindomaia.com.br\/wp-content\/uploads\/2022\/05\/Vacinacao-02.05.2022-768x512.jpeg 768w\" sizes=\"auto, (max-width: 1024px) 100vw, 1024px\" \/><\/figure>\n\n\n\n<p>Esta etapa da campanha est\u00e1 prevista para acontecer at\u00e9 3 de junho.<\/p>\n\n\n\n<p>Desta vez, fazem parte do p\u00fablico priorit\u00e1rio crian\u00e7as de 6 meses a menores de 5 anos, gestantes, pu\u00e9rperas, povos ind\u00edgenas, professores, pessoas com comorbidades ou defici\u00eancia permanente, caminhoneiros, trabalhadores de transporte coletivo rodovi\u00e1rio de passageiros (urbano e de longo curso), trabalhadores portu\u00e1rios, profissionais das for\u00e7as de seguran\u00e7a e salvamento, For\u00e7as Armadas, funcion\u00e1rios do sistema de priva\u00e7\u00e3o de liberdade, popula\u00e7\u00e3o privada de liberdade e adolescentes e jovens em medidas socioeducativas.<\/p>\n\n\n\n<p>De acordo com a Secretaria Municipal de Sa\u00fade, cerca de 36 mil pessoas fazem parte do p\u00fablico priorit\u00e1rio em Arax\u00e1.<br><strong><br>Campanha de Vacina\u00e7\u00e3o Contra o Sarampo<br><\/strong><br>A Campanha Nacional de Imuniza\u00e7\u00e3o tamb\u00e9m prev\u00ea a atualiza\u00e7\u00e3o para a vacina contra o Sarampo. Na primeira etapa, iniciada em 4 de abril, os profissionais de sa\u00fade receberam a vacina Tr\u00edplice Viral (que protege contra o sarampo, caxumba e rub\u00e9ola).<\/p>\n\n\n\n<p>Nesta segunda etapa, aberta hoje (2), o p\u00fablico priorit\u00e1rio da campanha contempla tamb\u00e9m as crian\u00e7as de 6 meses a menores de 5 anos de idade, que poder\u00e3o receber a vacina Tr\u00edplice Viral no mesmo dia da vacina da gripe, sem a necessidade de intervalo. O objetivo da campanha \u00e9 interromper a circula\u00e7\u00e3o do sarampo e tamb\u00e9m prevenir o surgimento de complica\u00e7\u00f5es decorrentes da gripe.<\/p>\n\n\n\n<p><strong>Coadministra\u00e7\u00e3o com a Vacina Covid<\/strong><\/p>\n\n\n\n<p>Na popula\u00e7\u00e3o a partir de 12 anos de idade a vacina contra gripe poder\u00e1 ser administrada de maneira simult\u00e2nea ou com qualquer intervalo com a vacina Covid e as demais vacinas do Calend\u00e1rio Nacional de Vacina\u00e7\u00e3o.<\/p>\n\n\n\n<p>Nas crian\u00e7as de 5 a 11 anos de idade contempladas nos grupos priorit\u00e1rios para a influenza, \u00e9 importante que seja priorizada a administra\u00e7\u00e3o da vacina Covid-19 e deve-se agendar a vacina contra a gripe respeitando o intervalo m\u00ednimo de 15 dias entre as vacinas.<br><strong><br>Programa\u00e7\u00e3o Vacina\u00e7\u00e3o Contra a Gripe e o Sarampo (segunda a sexta)<\/strong><\/p>\n\n\n\n<p>Unicentro: 8h \u00e0s 16h;<br>Unioeste: 8h \u00e0s 11h e 13h \u00e0s 16h;<br>Uninordeste: 7h30 \u00e0s 16h;<br>ESF Max Neumann: 12h30 \u00e0s 17h;<br>Unisul: 7h30 \u00e0s 12h30;<br>Uninorte: 7h30 \u00e0s 16h.<\/p>\n","protected":false},"excerpt":{"rendered":"<p>Esta etapa da campanha est\u00e1 prevista para acontecer at\u00e9 3 de junho. Desta vez, fazem parte do p\u00fablico priorit\u00e1rio crian\u00e7as<\/p>\n","protected":false},"author":2,"featured_media":592,"comment_status":"open","ping_status":"open","sticky":false,"template":"","format":"standard","meta":{"footnotes":""},"categories":[9,29],"tags":[],"class_list":["post-591","post","type-post","status-publish","format-standard","has-post-thumbnail","hentry","category-araxa","category-saude"],"_links":{"self":[{"href":"http:\/\/blogdoarmindomaia.com.br\/index.php?rest_route=\/wp\/v2\/posts\/591","targetHints":{"allow":["GET"]}}],"collection":[{"href":"http:\/\/blogdoarmindomaia.com.br\/index.php?rest_route=\/wp\/v2\/posts"}],"about":[{"href":"http:\/\/blogdoarmindomaia.com.br\/index.php?rest_route=\/wp\/v2\/types\/post"}],"author":[{"embeddable":true,"href":"http:\/\/blogdoarmindomaia.com.br\/index.php?rest_route=\/wp\/v2\/users\/2"}],"replies":[{"embeddable":true,"href":"http:\/\/blogdoarmindomaia.com.br\/index.php?rest_route=%2Fwp%2Fv2%2Fcomments&post=591"}],"version-history":[{"count":1,"href":"http:\/\/blogdoarmindomaia.com.br\/index.php?rest_route=\/wp\/v2\/posts\/591\/revisions"}],"predecessor-version":[{"id":593,"href":"http:\/\/blogdoarmindomaia.com.br\/index.php?rest_route=\/wp\/v2\/posts\/591\/revisions\/593"}],"wp:featuredmedia":[{"embeddable":true,"href":"http:\/\/blogdoarmindomaia.com.br\/index.php?rest_route=\/wp\/v2\/media\/592"}],"wp:attachment":[{"href":"http:\/\/blogdoarmindomaia.com.br\/index.php?rest_route=%2Fwp%2Fv2%2Fmedia&parent=591"}],"wp:term":[{"taxonomy":"category","embeddable":true,"href":"http:\/\/blogdoarmindomaia.com.br\/index.php?rest_route=%2Fwp%2Fv2%2Fcategories&post=591"},{"taxonomy":"post_tag","embeddable":true,"href":"http:\/\/blogdoarmindomaia.com.br\/index.php?rest_route=%2Fwp%2Fv2%2Ftags&post=591"}],"curies":[{"name":"wp","href":"https:\/\/api.w.org\/{rel}","templated":true}]}}